
{"id":89551,"date":"2017-02-08T13:53:20","date_gmt":"2017-02-08T16:53:20","guid":{"rendered":"http:\/\/www.politicosdosuldabahia.com.br\/v1\/?p=89551"},"modified":"2017-02-08T13:53:59","modified_gmt":"2017-02-08T16:53:59","slug":"itabuna-decretado-estado-de-emergencia-no-hospital-de-base","status":"publish","type":"post","link":"https:\/\/www.politicosdosuldabahia.com.br\/v1\/2017\/02\/08\/itabuna-decretado-estado-de-emergencia-no-hospital-de-base\/","title":{"rendered":"ITABUNA: DECRETADO ESTADO DE EMERG\u00caNCIA NO HOSPITAL DE BASE"},"content":{"rendered":"<p><img loading=\"lazy\" decoding=\"async\" class=\"aligncenter wp-image-81491\" src=\"http:\/\/www.politicosdosuldabahia.com.br\/v1\/wp-content\/uploads\/2016\/02\/hospitaldebase1.jpg\" alt=\"hospitaldebase1\" width=\"455\" height=\"278\" srcset=\"https:\/\/www.politicosdosuldabahia.com.br\/v1\/wp-content\/uploads\/2016\/02\/hospitaldebase1.jpg 467w, https:\/\/www.politicosdosuldabahia.com.br\/v1\/wp-content\/uploads\/2016\/02\/hospitaldebase1-300x183.jpg 300w\" sizes=\"(max-width: 455px) 100vw, 455px\" \/><\/p>\n<h4 style=\"text-align: justify;\">Na \u00faltima segunda-feira foi publicado no di\u00e1rio oficial da prefeitura de Itabuna o decreto de emerg\u00eancia do hospital de base Luiz Eduardo Magalh\u00e3es. O decreto tem validade de 60 dias, e foi assinado no dia 2 de janeiro, mas entra em vigor a partir da publica\u00e7\u00e3o.<\/h4>\n<h4 style=\"text-align: justify;\">A dire\u00e7\u00e3o do hospital justificou que encontrou o Hospital de Base sem medicamentos e restos a pagar de cerca de R$ 4.000.000,00 (quatro milh\u00f5es de reais), como tamb\u00e9m que as empresas licitadas se negam a fornecer o material solicitado em fun\u00e7\u00e3o do d\u00e9bito acumulado e que, em se tratando de servi\u00e7os essenciais e inadi\u00e1veis, o Hospital n\u00e3o possui tempo h\u00e1bil para licitar.<\/h4>\n<h4 style=\"text-align: justify;\">A partir do decreto, o hospital ter\u00e1 como contratar os servi\u00e7os na \u00e1rea de sa\u00fade por meio de dispensa de licita\u00e7\u00e3o.<\/h4>\n<h4 style=\"text-align: justify;\">O curioso \u00e9 que o decreto foi assinado pelo ent\u00e3o diretor Jos\u00e9 Leopoldo, que foi demitido no m\u00eas de janeiro, o atual diretor \u00e9 o pecuarista Orleans Nascimento.<\/h4>\n<p><img loading=\"lazy\" decoding=\"async\" class=\"aligncenter wp-image-89552\" src=\"http:\/\/www.politicosdosuldabahia.com.br\/v1\/wp-content\/uploads\/2017\/02\/maiq-1.jpg\" alt=\"maiq\" width=\"451\" height=\"391\" srcset=\"https:\/\/www.politicosdosuldabahia.com.br\/v1\/wp-content\/uploads\/2017\/02\/maiq-1.jpg 651w, https:\/\/www.politicosdosuldabahia.com.br\/v1\/wp-content\/uploads\/2017\/02\/maiq-1-300x260.jpg 300w\" sizes=\"(max-width: 451px) 100vw, 451px\" \/><\/p>\n","protected":false},"excerpt":{"rendered":"<p>Na \u00faltima segunda-feira foi publicado no di\u00e1rio oficial da prefeitura de Itabuna o decreto de emerg\u00eancia do hospital de base Luiz Eduardo Magalh\u00e3es. O decreto tem validade de 60 dias, e foi assinado no dia 2 de janeiro, mas entra em vigor a partir da publica\u00e7\u00e3o. A dire\u00e7\u00e3o do hospital justificou que encontrou o Hospital [&hellip;]<\/p>\n","protected":false},"author":2,"featured_media":89552,"comment_status":"open","ping_status":"open","sticky":false,"template":"","format":"standard","meta":{"footnotes":"","_links_to":"","_links_to_target":""},"categories":[24,1],"tags":[],"class_list":["post-89551","post","type-post","status-publish","format-standard","has-post-thumbnail","hentry","category-destaque2","category-geral"],"views":14182,"_links":{"self":[{"href":"https:\/\/www.politicosdosuldabahia.com.br\/v1\/wp-json\/wp\/v2\/posts\/89551"}],"collection":[{"href":"https:\/\/www.politicosdosuldabahia.com.br\/v1\/wp-json\/wp\/v2\/posts"}],"about":[{"href":"https:\/\/www.politicosdosuldabahia.com.br\/v1\/wp-json\/wp\/v2\/types\/post"}],"author":[{"embeddable":true,"href":"https:\/\/www.politicosdosuldabahia.com.br\/v1\/wp-json\/wp\/v2\/users\/2"}],"replies":[{"embeddable":true,"href":"https:\/\/www.politicosdosuldabahia.com.br\/v1\/wp-json\/wp\/v2\/comments?post=89551"}],"version-history":[{"count":1,"href":"https:\/\/www.politicosdosuldabahia.com.br\/v1\/wp-json\/wp\/v2\/posts\/89551\/revisions"}],"predecessor-version":[{"id":89553,"href":"https:\/\/www.politicosdosuldabahia.com.br\/v1\/wp-json\/wp\/v2\/posts\/89551\/revisions\/89553"}],"wp:featuredmedia":[{"embeddable":true,"href":"https:\/\/www.politicosdosuldabahia.com.br\/v1\/wp-json\/wp\/v2\/media\/89552"}],"wp:attachment":[{"href":"https:\/\/www.politicosdosuldabahia.com.br\/v1\/wp-json\/wp\/v2\/media?parent=89551"}],"wp:term":[{"taxonomy":"category","embeddable":true,"href":"https:\/\/www.politicosdosuldabahia.com.br\/v1\/wp-json\/wp\/v2\/categories?post=89551"},{"taxonomy":"post_tag","embeddable":true,"href":"https:\/\/www.politicosdosuldabahia.com.br\/v1\/wp-json\/wp\/v2\/tags?post=89551"}],"curies":[{"name":"wp","href":"https:\/\/api.w.org\/{rel}","templated":true}]}}