
{"id":88861,"date":"2017-01-19T14:56:36","date_gmt":"2017-01-19T17:56:36","guid":{"rendered":"http:\/\/www.politicosdosuldabahia.com.br\/v1\/?p=88861"},"modified":"2017-01-21T00:51:07","modified_gmt":"2017-01-21T03:51:07","slug":"mangabeira-uniao-de-fernando-gomes-com-o-pt-e-espuria","status":"publish","type":"post","link":"https:\/\/www.politicosdosuldabahia.com.br\/v1\/2017\/01\/19\/mangabeira-uniao-de-fernando-gomes-com-o-pt-e-espuria\/","title":{"rendered":"MANGABEIRA: \u201cUNI\u00c3O DE FERNANDO GOMES COM O PT \u00c9 ESP\u00daRIA\u201d"},"content":{"rendered":"<p><img loading=\"lazy\" decoding=\"async\" class=\"aligncenter wp-image-80522\" src=\"http:\/\/www.politicosdosuldabahia.com.br\/v1\/wp-content\/uploads\/2016\/01\/mang.jpg\" alt=\"mang\" width=\"455\" height=\"383\" srcset=\"https:\/\/www.politicosdosuldabahia.com.br\/v1\/wp-content\/uploads\/2016\/01\/mang.jpg 399w, https:\/\/www.politicosdosuldabahia.com.br\/v1\/wp-content\/uploads\/2016\/01\/mang-300x253.jpg 300w\" sizes=\"(max-width: 455px) 100vw, 455px\" \/><\/p>\n<h4 style=\"text-align: justify;\">Nesta semana o ex-candidato a prefeito de Itabuna, Mangabeira (PDT), foi entrevistado pelo radialista Roberto de Souza, na r\u00e1dio Difusora. Quando questionado da ida do prefeito Fernando Gomes (DEM), para a base de apoio ao governador Rui Costa (PT), Mangabeira bateu pesado:<\/h4>\n<h4 style=\"text-align: justify;\">\u201c Essa uni\u00e3o \u00e9 realmente esp\u00faria e n\u00e3o se compreende, quando h\u00e1 at\u00e9 pouco tempo atr\u00e1s Fernando estava xingando o PT e o candidato do PT, e de repetente voc\u00ea se alia a esse partido. Isso \u00e9 uma pr\u00e1tica ruim, que lesa a popula\u00e7\u00e3o em interesses pessoais e sobrepujando os interesses da popula\u00e7\u00e3o\u201d, declarou Mangabeira.<\/h4>\n","protected":false},"excerpt":{"rendered":"<p>Nesta semana o ex-candidato a prefeito de Itabuna, Mangabeira (PDT), foi entrevistado pelo radialista Roberto de Souza, na r\u00e1dio Difusora. Quando questionado da ida do prefeito Fernando Gomes (DEM), para a base de apoio ao governador Rui Costa (PT), Mangabeira bateu pesado: \u201c Essa uni\u00e3o \u00e9 realmente esp\u00faria e n\u00e3o se compreende, quando h\u00e1 at\u00e9 [&hellip;]<\/p>\n","protected":false},"author":2,"featured_media":80522,"comment_status":"open","ping_status":"open","sticky":false,"template":"","format":"standard","meta":{"footnotes":"","_links_to":"","_links_to_target":""},"categories":[24,1],"tags":[],"class_list":["post-88861","post","type-post","status-publish","format-standard","has-post-thumbnail","hentry","category-destaque2","category-geral"],"views":2436,"_links":{"self":[{"href":"https:\/\/www.politicosdosuldabahia.com.br\/v1\/wp-json\/wp\/v2\/posts\/88861"}],"collection":[{"href":"https:\/\/www.politicosdosuldabahia.com.br\/v1\/wp-json\/wp\/v2\/posts"}],"about":[{"href":"https:\/\/www.politicosdosuldabahia.com.br\/v1\/wp-json\/wp\/v2\/types\/post"}],"author":[{"embeddable":true,"href":"https:\/\/www.politicosdosuldabahia.com.br\/v1\/wp-json\/wp\/v2\/users\/2"}],"replies":[{"embeddable":true,"href":"https:\/\/www.politicosdosuldabahia.com.br\/v1\/wp-json\/wp\/v2\/comments?post=88861"}],"version-history":[{"count":1,"href":"https:\/\/www.politicosdosuldabahia.com.br\/v1\/wp-json\/wp\/v2\/posts\/88861\/revisions"}],"predecessor-version":[{"id":88862,"href":"https:\/\/www.politicosdosuldabahia.com.br\/v1\/wp-json\/wp\/v2\/posts\/88861\/revisions\/88862"}],"wp:featuredmedia":[{"embeddable":true,"href":"https:\/\/www.politicosdosuldabahia.com.br\/v1\/wp-json\/wp\/v2\/media\/80522"}],"wp:attachment":[{"href":"https:\/\/www.politicosdosuldabahia.com.br\/v1\/wp-json\/wp\/v2\/media?parent=88861"}],"wp:term":[{"taxonomy":"category","embeddable":true,"href":"https:\/\/www.politicosdosuldabahia.com.br\/v1\/wp-json\/wp\/v2\/categories?post=88861"},{"taxonomy":"post_tag","embeddable":true,"href":"https:\/\/www.politicosdosuldabahia.com.br\/v1\/wp-json\/wp\/v2\/tags?post=88861"}],"curies":[{"name":"wp","href":"https:\/\/api.w.org\/{rel}","templated":true}]}}