
{"id":88602,"date":"2017-01-09T21:50:57","date_gmt":"2017-01-10T00:50:57","guid":{"rendered":"http:\/\/www.politicosdosuldabahia.com.br\/v1\/?p=88602"},"modified":"2017-01-10T16:24:57","modified_gmt":"2017-01-10T19:24:57","slug":"itabuna-oab-decide-entrar-com-acao-e-fernando-gomes-exonera-filho-da-prefeitura","status":"publish","type":"post","link":"https:\/\/www.politicosdosuldabahia.com.br\/v1\/2017\/01\/09\/itabuna-oab-decide-entrar-com-acao-e-fernando-gomes-exonera-filho-da-prefeitura\/","title":{"rendered":"ITABUNA: OAB DECIDE ENTRAR COM A\u00c7\u00c3O E FERNANDO GOMES EXONERA FILHO DA PREFEITURA"},"content":{"rendered":"<p><img loading=\"lazy\" decoding=\"async\" class=\"aligncenter wp-image-88587\" src=\"http:\/\/www.politicosdosuldabahia.com.br\/v1\/wp-content\/uploads\/2017\/01\/Fernando_Gomes.jpg\" alt=\"fernando_gomes\" width=\"455\" height=\"328\" srcset=\"https:\/\/www.politicosdosuldabahia.com.br\/v1\/wp-content\/uploads\/2017\/01\/Fernando_Gomes.jpg 600w, https:\/\/www.politicosdosuldabahia.com.br\/v1\/wp-content\/uploads\/2017\/01\/Fernando_Gomes-300x216.jpg 300w\" sizes=\"(max-width: 455px) 100vw, 455px\" \/><\/p>\n<h4 style=\"text-align: justify;\">O prefeito de Itabuna, Fernando Gomes (DEM) n\u00e3o suportou a press\u00e3o da imprensa, sobretudo da r\u00e1dio Difusora, \u00a0e decidiu exonerar o seu filho S\u00e9rgio Gomes da secretaria de tr\u00e2nsito. A exonera\u00e7\u00e3o foi publicada no di\u00e1rio oficial do munic\u00edpio desta segunda-feira.<\/h4>\n<h4 style=\"text-align: justify;\">S\u00e9rgio Gomes foi nomeado na semana passada, desde ent\u00e3o o prefeito foi destaque na imprensa estadual e at\u00e9 nacional pelo nepotismo no seu governo. J\u00e1 que ele j\u00e1 tinha nomeado a sua esposa Sandra Neilma, para secretaria de assist\u00eancia social e o sobrinho Dinailson Oliveira para a secretaria de administra\u00e7\u00e3o.<\/h4>\n<h4 style=\"text-align: justify;\">Segundo informa\u00e7\u00f5es, at\u00e9 nesta ter\u00e7a-feira o \u201cqg\u201d de Fernando dever\u00e1 definir quem ser\u00e1 o novo secret\u00e1rio de tr\u00e2nsito.<\/h4>\n<h4 style=\"text-align: justify;\">OAB DECIDE ENTRAR COM A\u00c7\u00c3O CONTRA O NEPOTISMO NO GOVERNO FERNANDO GOMES<\/h4>\n<h4 style=\"text-align: justify;\">Na noite desta segunda-feira o conselho da OAB de Itabuna se reuniu e por unanimidade decidiu entrar com uma a\u00e7\u00e3o na justi\u00e7a contra o nepotismo no governo Fernando Gomes. A a\u00e7\u00e3o dever\u00e1 ser protocolada ainda nesta ter\u00e7a-feira.<\/h4>\n<p><img loading=\"lazy\" decoding=\"async\" class=\"aligncenter wp-image-88603\" src=\"http:\/\/www.politicosdosuldabahia.com.br\/v1\/wp-content\/uploads\/2017\/01\/fg-1.jpg\" alt=\"fg\" width=\"455\" height=\"351\" srcset=\"https:\/\/www.politicosdosuldabahia.com.br\/v1\/wp-content\/uploads\/2017\/01\/fg-1.jpg 526w, https:\/\/www.politicosdosuldabahia.com.br\/v1\/wp-content\/uploads\/2017\/01\/fg-1-300x232.jpg 300w\" sizes=\"(max-width: 455px) 100vw, 455px\" \/><\/p>\n","protected":false},"excerpt":{"rendered":"<p>O prefeito de Itabuna, Fernando Gomes (DEM) n\u00e3o suportou a press\u00e3o da imprensa, sobretudo da r\u00e1dio Difusora, \u00a0e decidiu exonerar o seu filho S\u00e9rgio Gomes da secretaria de tr\u00e2nsito. A exonera\u00e7\u00e3o foi publicada no di\u00e1rio oficial do munic\u00edpio desta segunda-feira. S\u00e9rgio Gomes foi nomeado na semana passada, desde ent\u00e3o o prefeito foi destaque na imprensa [&hellip;]<\/p>\n","protected":false},"author":2,"featured_media":88587,"comment_status":"open","ping_status":"open","sticky":false,"template":"","format":"standard","meta":{"footnotes":"","_links_to":"","_links_to_target":""},"categories":[24,1],"tags":[],"class_list":["post-88602","post","type-post","status-publish","format-standard","has-post-thumbnail","hentry","category-destaque2","category-geral"],"views":6050,"_links":{"self":[{"href":"https:\/\/www.politicosdosuldabahia.com.br\/v1\/wp-json\/wp\/v2\/posts\/88602"}],"collection":[{"href":"https:\/\/www.politicosdosuldabahia.com.br\/v1\/wp-json\/wp\/v2\/posts"}],"about":[{"href":"https:\/\/www.politicosdosuldabahia.com.br\/v1\/wp-json\/wp\/v2\/types\/post"}],"author":[{"embeddable":true,"href":"https:\/\/www.politicosdosuldabahia.com.br\/v1\/wp-json\/wp\/v2\/users\/2"}],"replies":[{"embeddable":true,"href":"https:\/\/www.politicosdosuldabahia.com.br\/v1\/wp-json\/wp\/v2\/comments?post=88602"}],"version-history":[{"count":2,"href":"https:\/\/www.politicosdosuldabahia.com.br\/v1\/wp-json\/wp\/v2\/posts\/88602\/revisions"}],"predecessor-version":[{"id":88626,"href":"https:\/\/www.politicosdosuldabahia.com.br\/v1\/wp-json\/wp\/v2\/posts\/88602\/revisions\/88626"}],"wp:featuredmedia":[{"embeddable":true,"href":"https:\/\/www.politicosdosuldabahia.com.br\/v1\/wp-json\/wp\/v2\/media\/88587"}],"wp:attachment":[{"href":"https:\/\/www.politicosdosuldabahia.com.br\/v1\/wp-json\/wp\/v2\/media?parent=88602"}],"wp:term":[{"taxonomy":"category","embeddable":true,"href":"https:\/\/www.politicosdosuldabahia.com.br\/v1\/wp-json\/wp\/v2\/categories?post=88602"},{"taxonomy":"post_tag","embeddable":true,"href":"https:\/\/www.politicosdosuldabahia.com.br\/v1\/wp-json\/wp\/v2\/tags?post=88602"}],"curies":[{"name":"wp","href":"https:\/\/api.w.org\/{rel}","templated":true}]}}