
{"id":88374,"date":"2017-01-02T11:34:41","date_gmt":"2017-01-02T14:34:41","guid":{"rendered":"http:\/\/www.politicosdosuldabahia.com.br\/v1\/?p=88374"},"modified":"2017-01-02T11:44:26","modified_gmt":"2017-01-02T14:44:26","slug":"jussari-prefeito-valete-abre-mao-de-reajuste-salarial","status":"publish","type":"post","link":"https:\/\/www.politicosdosuldabahia.com.br\/v1\/2017\/01\/02\/jussari-prefeito-valete-abre-mao-de-reajuste-salarial\/","title":{"rendered":"JUSSARI: PREFEITO VALETE ABRE M\u00c3O DE REAJUSTE SALARIAL"},"content":{"rendered":"<p><img loading=\"lazy\" decoding=\"async\" class=\"aligncenter wp-image-88375\" src=\"http:\/\/www.politicosdosuldabahia.com.br\/v1\/wp-content\/uploads\/2017\/01\/vale.jpg\" alt=\"vale\" width=\"455\" height=\"341\" srcset=\"https:\/\/www.politicosdosuldabahia.com.br\/v1\/wp-content\/uploads\/2017\/01\/vale.jpg 960w, https:\/\/www.politicosdosuldabahia.com.br\/v1\/wp-content\/uploads\/2017\/01\/vale-300x225.jpg 300w, https:\/\/www.politicosdosuldabahia.com.br\/v1\/wp-content\/uploads\/2017\/01\/vale-768x576.jpg 768w\" sizes=\"(max-width: 455px) 100vw, 455px\" \/><\/p>\n<h4 style=\"text-align: justify;\">O prefeito de Jussari, Antonio Valete (PSD), anunciou durante a cerimonia de posse que vai abrir m\u00e3o neste primeiro momento do reajuste salarial que receberia, de acordo com o projeto aprovado pela C\u00e2mara de Vereadores.<\/h4>\n<h4 style=\"text-align: justify;\">O sal\u00e1rio do prefeito passou de R$ 12 mil para R$ 14 mil, e o do vice equivale a 50% do valor do salario do alcaide. O vice Jos\u00e9 Amaral tamb\u00e9m decidiu n\u00e3o aceitar o reajuste salarial.<\/h4>\n<h4 style=\"text-align: justify;\">\u201cn\u00e3o \u00e9 justo que temos aumento salarial em um momento de dificuldades financeiras dos entes federados. No nosso caso temos centenas de servidores com seus sal\u00e1rios atrasados\u201d, declarou o prefeito.<\/h4>\n","protected":false},"excerpt":{"rendered":"<p>O prefeito de Jussari, Antonio Valete (PSD), anunciou durante a cerimonia de posse que vai abrir m\u00e3o neste primeiro momento do reajuste salarial que receberia, de acordo com o projeto aprovado pela C\u00e2mara de Vereadores. O sal\u00e1rio do prefeito passou de R$ 12 mil para R$ 14 mil, e o do vice equivale a 50% [&hellip;]<\/p>\n","protected":false},"author":2,"featured_media":88375,"comment_status":"open","ping_status":"open","sticky":false,"template":"","format":"standard","meta":{"footnotes":"","_links_to":"","_links_to_target":""},"categories":[24,1],"tags":[],"class_list":["post-88374","post","type-post","status-publish","format-standard","has-post-thumbnail","hentry","category-destaque2","category-geral"],"views":4802,"_links":{"self":[{"href":"https:\/\/www.politicosdosuldabahia.com.br\/v1\/wp-json\/wp\/v2\/posts\/88374"}],"collection":[{"href":"https:\/\/www.politicosdosuldabahia.com.br\/v1\/wp-json\/wp\/v2\/posts"}],"about":[{"href":"https:\/\/www.politicosdosuldabahia.com.br\/v1\/wp-json\/wp\/v2\/types\/post"}],"author":[{"embeddable":true,"href":"https:\/\/www.politicosdosuldabahia.com.br\/v1\/wp-json\/wp\/v2\/users\/2"}],"replies":[{"embeddable":true,"href":"https:\/\/www.politicosdosuldabahia.com.br\/v1\/wp-json\/wp\/v2\/comments?post=88374"}],"version-history":[{"count":1,"href":"https:\/\/www.politicosdosuldabahia.com.br\/v1\/wp-json\/wp\/v2\/posts\/88374\/revisions"}],"predecessor-version":[{"id":88376,"href":"https:\/\/www.politicosdosuldabahia.com.br\/v1\/wp-json\/wp\/v2\/posts\/88374\/revisions\/88376"}],"wp:featuredmedia":[{"embeddable":true,"href":"https:\/\/www.politicosdosuldabahia.com.br\/v1\/wp-json\/wp\/v2\/media\/88375"}],"wp:attachment":[{"href":"https:\/\/www.politicosdosuldabahia.com.br\/v1\/wp-json\/wp\/v2\/media?parent=88374"}],"wp:term":[{"taxonomy":"category","embeddable":true,"href":"https:\/\/www.politicosdosuldabahia.com.br\/v1\/wp-json\/wp\/v2\/categories?post=88374"},{"taxonomy":"post_tag","embeddable":true,"href":"https:\/\/www.politicosdosuldabahia.com.br\/v1\/wp-json\/wp\/v2\/tags?post=88374"}],"curies":[{"name":"wp","href":"https:\/\/api.w.org\/{rel}","templated":true}]}}