
{"id":87985,"date":"2016-12-13T20:47:13","date_gmt":"2016-12-13T23:47:13","guid":{"rendered":"http:\/\/www.politicosdosuldabahia.com.br\/v1\/?p=87985"},"modified":"2016-12-14T13:57:35","modified_gmt":"2016-12-14T16:57:35","slug":"itabuna-ex-vereador-de-coaraci-e-detido-acusado-de-furtar-bebidas-em-shopping","status":"publish","type":"post","link":"https:\/\/www.politicosdosuldabahia.com.br\/v1\/2016\/12\/13\/itabuna-ex-vereador-de-coaraci-e-detido-acusado-de-furtar-bebidas-em-shopping\/","title":{"rendered":"ITABUNA: EX-VEREADOR DE COARACI \u00c9 DETIDO  ACUSADO DE FURTAR BEBIDAS EM SHOPPING"},"content":{"rendered":"<p><img loading=\"lazy\" decoding=\"async\" class=\"aligncenter wp-image-87986\" src=\"http:\/\/www.politicosdosuldabahia.com.br\/v1\/wp-content\/uploads\/2016\/12\/vereadorrr.jpg\" alt=\"vereadorrr\" width=\"455\" height=\"758\" srcset=\"https:\/\/www.politicosdosuldabahia.com.br\/v1\/wp-content\/uploads\/2016\/12\/vereadorrr.jpg 576w, https:\/\/www.politicosdosuldabahia.com.br\/v1\/wp-content\/uploads\/2016\/12\/vereadorrr-180x300.jpg 180w\" sizes=\"(max-width: 455px) 100vw, 455px\" \/><\/p>\n<h4 style=\"text-align: justify;\">O ex-vereador de Coaraci, Jos\u00e9 Martins, conhecido como Ded\u00e9, foi detido pela pol\u00edcia acusado de furtar bebidas no shopping de Itabuna. Ele estava acompanhado de Jos\u00e9 Aristeu Borges, funcion\u00e1rio da distribuidora de bebida do ex-vereador.<\/h4>\n<h4 style=\"text-align: justify;\">Segundo informa\u00e7\u00f5es, os dois estavam tentando sair de um hipermercado com os carrinhos lotados de bebidas, por\u00e9m, sem pagar. A seguran\u00e7a identificou e chamou a pol\u00edcia militar que levaram os dois para o complexo policial de Itabuna e apresentaram ao delegado plantonista<\/h4>\n<h4 style=\"text-align: justify;\">Este blogueiro ligou para o plant\u00e3o da pol\u00edcia civil para saber sobre informa\u00e7\u00f5es do caso, mas foi informado que n\u00e3o tinha chegado nada ao plant\u00e3o, j\u00e1 que o delito \u00e9 da responsabilidade da delegacia da furtos e roubos.<\/h4>\n","protected":false},"excerpt":{"rendered":"<p>O ex-vereador de Coaraci, Jos\u00e9 Martins, conhecido como Ded\u00e9, foi detido pela pol\u00edcia acusado de furtar bebidas no shopping de Itabuna. Ele estava acompanhado de Jos\u00e9 Aristeu Borges, funcion\u00e1rio da distribuidora de bebida do ex-vereador. Segundo informa\u00e7\u00f5es, os dois estavam tentando sair de um hipermercado com os carrinhos lotados de bebidas, por\u00e9m, sem pagar. A [&hellip;]<\/p>\n","protected":false},"author":2,"featured_media":87986,"comment_status":"open","ping_status":"open","sticky":false,"template":"","format":"standard","meta":{"footnotes":"","_links_to":"","_links_to_target":""},"categories":[24,1],"tags":[],"class_list":["post-87985","post","type-post","status-publish","format-standard","has-post-thumbnail","hentry","category-destaque2","category-geral"],"views":4139,"_links":{"self":[{"href":"https:\/\/www.politicosdosuldabahia.com.br\/v1\/wp-json\/wp\/v2\/posts\/87985"}],"collection":[{"href":"https:\/\/www.politicosdosuldabahia.com.br\/v1\/wp-json\/wp\/v2\/posts"}],"about":[{"href":"https:\/\/www.politicosdosuldabahia.com.br\/v1\/wp-json\/wp\/v2\/types\/post"}],"author":[{"embeddable":true,"href":"https:\/\/www.politicosdosuldabahia.com.br\/v1\/wp-json\/wp\/v2\/users\/2"}],"replies":[{"embeddable":true,"href":"https:\/\/www.politicosdosuldabahia.com.br\/v1\/wp-json\/wp\/v2\/comments?post=87985"}],"version-history":[{"count":2,"href":"https:\/\/www.politicosdosuldabahia.com.br\/v1\/wp-json\/wp\/v2\/posts\/87985\/revisions"}],"predecessor-version":[{"id":87989,"href":"https:\/\/www.politicosdosuldabahia.com.br\/v1\/wp-json\/wp\/v2\/posts\/87985\/revisions\/87989"}],"wp:featuredmedia":[{"embeddable":true,"href":"https:\/\/www.politicosdosuldabahia.com.br\/v1\/wp-json\/wp\/v2\/media\/87986"}],"wp:attachment":[{"href":"https:\/\/www.politicosdosuldabahia.com.br\/v1\/wp-json\/wp\/v2\/media?parent=87985"}],"wp:term":[{"taxonomy":"category","embeddable":true,"href":"https:\/\/www.politicosdosuldabahia.com.br\/v1\/wp-json\/wp\/v2\/categories?post=87985"},{"taxonomy":"post_tag","embeddable":true,"href":"https:\/\/www.politicosdosuldabahia.com.br\/v1\/wp-json\/wp\/v2\/tags?post=87985"}],"curies":[{"name":"wp","href":"https:\/\/api.w.org\/{rel}","templated":true}]}}