
{"id":87906,"date":"2016-12-10T09:35:37","date_gmt":"2016-12-10T12:35:37","guid":{"rendered":"http:\/\/www.politicosdosuldabahia.com.br\/v1\/?p=87906"},"modified":"2016-12-10T09:39:32","modified_gmt":"2016-12-10T12:39:32","slug":"itarantim-prefeito-eleito-sofre-acidente-automobilistico","status":"publish","type":"post","link":"https:\/\/www.politicosdosuldabahia.com.br\/v1\/2016\/12\/10\/itarantim-prefeito-eleito-sofre-acidente-automobilistico\/","title":{"rendered":"ITARANTIM: PREFEITO ELEITO SOFRE  ACIDENTE AUTOMOBIL\u00cdSTICO"},"content":{"rendered":"<p><img loading=\"lazy\" decoding=\"async\" class=\"aligncenter size-full wp-image-87897\" src=\"http:\/\/www.politicosdosuldabahia.com.br\/v1\/wp-content\/uploads\/2016\/12\/pcccci.jpg\" alt=\"pcccci\" width=\"400\" height=\"534\" srcset=\"https:\/\/www.politicosdosuldabahia.com.br\/v1\/wp-content\/uploads\/2016\/12\/pcccci.jpg 400w, https:\/\/www.politicosdosuldabahia.com.br\/v1\/wp-content\/uploads\/2016\/12\/pcccci-225x300.jpg 225w\" sizes=\"(max-width: 400px) 100vw, 400px\" \/><\/p>\n<h4 style=\"text-align: justify;\">O prefeito eleito de Itarantim, Paulo Constru\u00e7\u00e3o (DEM) sofreu um acidente de carro na noite da \u00faltima sexta-feira na BA que liga o munic\u00edpio a Potiragu\u00e1. O acidente foi a noite quando Paulo Constru\u00e7\u00e3o estava a caminho de Itapetinga para participar de um evento.<\/h4>\n<h4 style=\"text-align: justify;\">Felizmente Paulo Constru\u00e7\u00e3o teve apenas ferimentos leves e passa bem, a sua esposa fraturou uma m\u00e3o e o condutor do outro veiculo teve que ser lavado para o Hospital de Vit\u00f3ria da Conquista.<\/h4>\n<h4 style=\"text-align: justify;\">Em contato com o vice-prefeito Jadiel Matos (PMDB), ele informou que o acidente foi feio: \u201co acidente foi feio, mas gra\u00e7as a Deus todos est\u00e3o passando bem, e Paulo teve apenas ferimentos leves\u201d.<\/h4>\n<p><img loading=\"lazy\" decoding=\"async\" class=\"aligncenter wp-image-87898\" src=\"http:\/\/www.politicosdosuldabahia.com.br\/v1\/wp-content\/uploads\/2016\/12\/paulooooooooooooooo.jpg\" alt=\"paulooooooooooooooo\" width=\"455\" height=\"256\" srcset=\"https:\/\/www.politicosdosuldabahia.com.br\/v1\/wp-content\/uploads\/2016\/12\/paulooooooooooooooo.jpg 960w, https:\/\/www.politicosdosuldabahia.com.br\/v1\/wp-content\/uploads\/2016\/12\/paulooooooooooooooo-300x169.jpg 300w, https:\/\/www.politicosdosuldabahia.com.br\/v1\/wp-content\/uploads\/2016\/12\/paulooooooooooooooo-768x432.jpg 768w\" sizes=\"(max-width: 455px) 100vw, 455px\" \/><\/p>\n<h4 style=\"text-align: justify;\">&#8220;Gostaria de agradecer ao grandioso Deus pelo livramento concedido a toda minha fam\u00edlia na noite de ontem. As m\u00e3os poderosas do nosso Deus nos livrou da morte e por isso estamos com o cora\u00e7\u00e3o cheio de alegria ao acordar e ver a luz do sol nessa manh\u00e3. Gostaria de pedir ora\u00e7\u00e3o para o ocupante do outro ve\u00edculo que colidiu com o nosso ve\u00edculo&#8221;, declarou o prefeito eleito Paulo.<\/h4>\n","protected":false},"excerpt":{"rendered":"<p>O prefeito eleito de Itarantim, Paulo Constru\u00e7\u00e3o (DEM) sofreu um acidente de carro na noite da \u00faltima sexta-feira na BA que liga o munic\u00edpio a Potiragu\u00e1. O acidente foi a noite quando Paulo Constru\u00e7\u00e3o estava a caminho de Itapetinga para participar de um evento. Felizmente Paulo Constru\u00e7\u00e3o teve apenas ferimentos leves e passa bem, a [&hellip;]<\/p>\n","protected":false},"author":2,"featured_media":0,"comment_status":"open","ping_status":"open","sticky":false,"template":"","format":"standard","meta":{"footnotes":"","_links_to":"","_links_to_target":""},"categories":[1],"tags":[],"class_list":["post-87906","post","type-post","status-publish","format-standard","hentry","category-geral"],"views":2079,"_links":{"self":[{"href":"https:\/\/www.politicosdosuldabahia.com.br\/v1\/wp-json\/wp\/v2\/posts\/87906"}],"collection":[{"href":"https:\/\/www.politicosdosuldabahia.com.br\/v1\/wp-json\/wp\/v2\/posts"}],"about":[{"href":"https:\/\/www.politicosdosuldabahia.com.br\/v1\/wp-json\/wp\/v2\/types\/post"}],"author":[{"embeddable":true,"href":"https:\/\/www.politicosdosuldabahia.com.br\/v1\/wp-json\/wp\/v2\/users\/2"}],"replies":[{"embeddable":true,"href":"https:\/\/www.politicosdosuldabahia.com.br\/v1\/wp-json\/wp\/v2\/comments?post=87906"}],"version-history":[{"count":2,"href":"https:\/\/www.politicosdosuldabahia.com.br\/v1\/wp-json\/wp\/v2\/posts\/87906\/revisions"}],"predecessor-version":[{"id":87908,"href":"https:\/\/www.politicosdosuldabahia.com.br\/v1\/wp-json\/wp\/v2\/posts\/87906\/revisions\/87908"}],"wp:attachment":[{"href":"https:\/\/www.politicosdosuldabahia.com.br\/v1\/wp-json\/wp\/v2\/media?parent=87906"}],"wp:term":[{"taxonomy":"category","embeddable":true,"href":"https:\/\/www.politicosdosuldabahia.com.br\/v1\/wp-json\/wp\/v2\/categories?post=87906"},{"taxonomy":"post_tag","embeddable":true,"href":"https:\/\/www.politicosdosuldabahia.com.br\/v1\/wp-json\/wp\/v2\/tags?post=87906"}],"curies":[{"name":"wp","href":"https:\/\/api.w.org\/{rel}","templated":true}]}}