
{"id":87676,"date":"2016-12-01T11:13:33","date_gmt":"2016-12-01T14:13:33","guid":{"rendered":"http:\/\/www.politicosdosuldabahia.com.br\/v1\/?p=87676"},"modified":"2016-12-01T11:26:52","modified_gmt":"2016-12-01T14:26:52","slug":"jussari-prefeito-eleito-anuncia-futuro-secretariado","status":"publish","type":"post","link":"https:\/\/www.politicosdosuldabahia.com.br\/v1\/2016\/12\/01\/jussari-prefeito-eleito-anuncia-futuro-secretariado\/","title":{"rendered":"JUSSARI: PREFEITO ELEITO ANUNCIA FUTURO SECRETARIADO"},"content":{"rendered":"<p><img loading=\"lazy\" decoding=\"async\" class=\"aligncenter wp-image-84670\" src=\"http:\/\/www.politicosdosuldabahia.com.br\/v1\/wp-content\/uploads\/2016\/07\/vale.jpg\" alt=\"vale\" width=\"455\" height=\"256\" srcset=\"https:\/\/www.politicosdosuldabahia.com.br\/v1\/wp-content\/uploads\/2016\/07\/vale.jpg 366w, https:\/\/www.politicosdosuldabahia.com.br\/v1\/wp-content\/uploads\/2016\/07\/vale-300x169.jpg 300w\" sizes=\"(max-width: 455px) 100vw, 455px\" \/><\/p>\n<h4 style=\"text-align: justify;\">O prefeito eleito de Jussari, Valete (PSD), anunciou na manh\u00e3 desta quinta-feira os nomes dos seus secret\u00e1rios. O futuro prefeito comentou sobre o crit\u00e9rio de escolha:<\/h4>\n<h4 style=\"text-align: justify;\">\u201cDepois de 2 meses da elei\u00e7\u00e3o e de participa\u00e7\u00e3o em diversos cursos, semin\u00e1rios e encontros para estudos da situa\u00e7\u00e3o da nossa Cidade e para conhecimento das medidas que precisam ser tomadas \u00e9 hora de come\u00e7ar formar a equipe de Governo\u201d, declarou o prefeito.<\/h4>\n<h4 style=\"text-align: justify;\">Secret\u00e1rio da Educa\u00e7\u00e3o: Professor Zallu Junior<br \/>\nSecret\u00e1rio da Sa\u00fade: Agente Comunit\u00e1rio Sotero Santos Agnaldo<br \/>\nSecretario da Agricultura: Romario Barbosa<br \/>\nSecret\u00e1rio da Administra\u00e7\u00e3o :Narbal Silva Santos Santos<br \/>\nSecret\u00e1rio de Governo :Sim\u00e3o Cavalcante Lucas.<br \/>\nDiretor do SAEE : Raimundo Cardoso.<\/h4>\n","protected":false},"excerpt":{"rendered":"<p>O prefeito eleito de Jussari, Valete (PSD), anunciou na manh\u00e3 desta quinta-feira os nomes dos seus secret\u00e1rios. O futuro prefeito comentou sobre o crit\u00e9rio de escolha: \u201cDepois de 2 meses da elei\u00e7\u00e3o e de participa\u00e7\u00e3o em diversos cursos, semin\u00e1rios e encontros para estudos da situa\u00e7\u00e3o da nossa Cidade e para conhecimento das medidas que precisam [&hellip;]<\/p>\n","protected":false},"author":2,"featured_media":84670,"comment_status":"open","ping_status":"open","sticky":false,"template":"","format":"standard","meta":{"footnotes":"","_links_to":"","_links_to_target":""},"categories":[23,1],"tags":[],"class_list":["post-87676","post","type-post","status-publish","format-standard","has-post-thumbnail","hentry","category-destaque1","category-geral"],"views":2895,"_links":{"self":[{"href":"https:\/\/www.politicosdosuldabahia.com.br\/v1\/wp-json\/wp\/v2\/posts\/87676"}],"collection":[{"href":"https:\/\/www.politicosdosuldabahia.com.br\/v1\/wp-json\/wp\/v2\/posts"}],"about":[{"href":"https:\/\/www.politicosdosuldabahia.com.br\/v1\/wp-json\/wp\/v2\/types\/post"}],"author":[{"embeddable":true,"href":"https:\/\/www.politicosdosuldabahia.com.br\/v1\/wp-json\/wp\/v2\/users\/2"}],"replies":[{"embeddable":true,"href":"https:\/\/www.politicosdosuldabahia.com.br\/v1\/wp-json\/wp\/v2\/comments?post=87676"}],"version-history":[{"count":1,"href":"https:\/\/www.politicosdosuldabahia.com.br\/v1\/wp-json\/wp\/v2\/posts\/87676\/revisions"}],"predecessor-version":[{"id":87677,"href":"https:\/\/www.politicosdosuldabahia.com.br\/v1\/wp-json\/wp\/v2\/posts\/87676\/revisions\/87677"}],"wp:featuredmedia":[{"embeddable":true,"href":"https:\/\/www.politicosdosuldabahia.com.br\/v1\/wp-json\/wp\/v2\/media\/84670"}],"wp:attachment":[{"href":"https:\/\/www.politicosdosuldabahia.com.br\/v1\/wp-json\/wp\/v2\/media?parent=87676"}],"wp:term":[{"taxonomy":"category","embeddable":true,"href":"https:\/\/www.politicosdosuldabahia.com.br\/v1\/wp-json\/wp\/v2\/categories?post=87676"},{"taxonomy":"post_tag","embeddable":true,"href":"https:\/\/www.politicosdosuldabahia.com.br\/v1\/wp-json\/wp\/v2\/tags?post=87676"}],"curies":[{"name":"wp","href":"https:\/\/api.w.org\/{rel}","templated":true}]}}