
{"id":87499,"date":"2016-11-23T16:33:39","date_gmt":"2016-11-23T19:33:39","guid":{"rendered":"http:\/\/www.politicosdosuldabahia.com.br\/v1\/?p=87499"},"modified":"2016-11-23T19:07:34","modified_gmt":"2016-11-23T22:07:34","slug":"urucuca-desembargadora-mantem-liminar-que-suspende-rejeicao-de-contas-de-moacyr","status":"publish","type":"post","link":"https:\/\/www.politicosdosuldabahia.com.br\/v1\/2016\/11\/23\/urucuca-desembargadora-mantem-liminar-que-suspende-rejeicao-de-contas-de-moacyr\/","title":{"rendered":"URU\u00c7UCA: DESEMBARGADORA  MANT\u00c9M LIMINAR QUE SUSPENDE REJEI\u00c7\u00c3O DE CONTAS DE MOACYR"},"content":{"rendered":"<p><img loading=\"lazy\" decoding=\"async\" class=\"aligncenter wp-image-86706\" src=\"http:\/\/www.politicosdosuldabahia.com.br\/v1\/wp-content\/uploads\/2016\/10\/moacyr-leite-uru\u00e7uca-615x420.jpg\" alt=\"moacyr-leite-urucuca-615x420\" width=\"455\" height=\"311\" \/><\/p>\n<h4 style=\"text-align: justify;\">O candidato a prefeito mais votado de Uru\u00e7uca, Moacyr Leite (DEM), conseguiu na semana passada uma liminar que suspendeu as suas rejei\u00e7\u00f5es de contas na c\u00e2mara de vereadores.<\/h4>\n<h4 style=\"text-align: justify;\">Os advogados da atual prefeita Fernanda Silva (PT) entraram com um recurso no Tribunal de Justi\u00e7a da Bahia para cassar a liminar obtida por Moacyr Leite.<\/h4>\n<h4 style=\"text-align: justify;\">A desembargadora Gard\u00eania Pereira Duarte, indeferiu o pedido dos advogados do PT e manteve a liminar de Moacyr Leite.<\/h4>\n<h4 style=\"text-align: justify;\">Vale lembrar que de Moacyr Leite teve sua candidatura indeferida por ter uma conta rejeitada no Tribunal de contas da Uni\u00e3o e na c\u00e2mara de vereadores. Mas ele conseguiu o efeito suspensivo da rejei\u00e7\u00e3o do TCU e uma liminar suspendendo a condena\u00e7\u00e3o na c\u00e2mara.<\/h4>\n<h4 style=\"text-align: justify;\">Muito provavelmente na pr\u00f3xima semana o Tribunal Regional Eleitoral dever\u00e1 colocar em pauta o processo de Moacyr Leite.<\/h4>\n","protected":false},"excerpt":{"rendered":"<p>O candidato a prefeito mais votado de Uru\u00e7uca, Moacyr Leite (DEM), conseguiu na semana passada uma liminar que suspendeu as suas rejei\u00e7\u00f5es de contas na c\u00e2mara de vereadores. Os advogados da atual prefeita Fernanda Silva (PT) entraram com um recurso no Tribunal de Justi\u00e7a da Bahia para cassar a liminar obtida por Moacyr Leite. A [&hellip;]<\/p>\n","protected":false},"author":2,"featured_media":86706,"comment_status":"open","ping_status":"open","sticky":false,"template":"","format":"standard","meta":{"footnotes":"","_links_to":"","_links_to_target":""},"categories":[23,24,1],"tags":[],"class_list":["post-87499","post","type-post","status-publish","format-standard","has-post-thumbnail","hentry","category-destaque1","category-destaque2","category-geral"],"views":3428,"_links":{"self":[{"href":"https:\/\/www.politicosdosuldabahia.com.br\/v1\/wp-json\/wp\/v2\/posts\/87499"}],"collection":[{"href":"https:\/\/www.politicosdosuldabahia.com.br\/v1\/wp-json\/wp\/v2\/posts"}],"about":[{"href":"https:\/\/www.politicosdosuldabahia.com.br\/v1\/wp-json\/wp\/v2\/types\/post"}],"author":[{"embeddable":true,"href":"https:\/\/www.politicosdosuldabahia.com.br\/v1\/wp-json\/wp\/v2\/users\/2"}],"replies":[{"embeddable":true,"href":"https:\/\/www.politicosdosuldabahia.com.br\/v1\/wp-json\/wp\/v2\/comments?post=87499"}],"version-history":[{"count":1,"href":"https:\/\/www.politicosdosuldabahia.com.br\/v1\/wp-json\/wp\/v2\/posts\/87499\/revisions"}],"predecessor-version":[{"id":87500,"href":"https:\/\/www.politicosdosuldabahia.com.br\/v1\/wp-json\/wp\/v2\/posts\/87499\/revisions\/87500"}],"wp:featuredmedia":[{"embeddable":true,"href":"https:\/\/www.politicosdosuldabahia.com.br\/v1\/wp-json\/wp\/v2\/media\/86706"}],"wp:attachment":[{"href":"https:\/\/www.politicosdosuldabahia.com.br\/v1\/wp-json\/wp\/v2\/media?parent=87499"}],"wp:term":[{"taxonomy":"category","embeddable":true,"href":"https:\/\/www.politicosdosuldabahia.com.br\/v1\/wp-json\/wp\/v2\/categories?post=87499"},{"taxonomy":"post_tag","embeddable":true,"href":"https:\/\/www.politicosdosuldabahia.com.br\/v1\/wp-json\/wp\/v2\/tags?post=87499"}],"curies":[{"name":"wp","href":"https:\/\/api.w.org\/{rel}","templated":true}]}}