
{"id":87496,"date":"2016-11-23T16:09:49","date_gmt":"2016-11-23T19:09:49","guid":{"rendered":"http:\/\/www.politicosdosuldabahia.com.br\/v1\/?p=87496"},"modified":"2016-11-23T19:06:17","modified_gmt":"2016-11-23T22:06:17","slug":"santa-cruz-da-vitoria-tre-libera-carlos-andre-para-tomar-posse","status":"publish","type":"post","link":"https:\/\/www.politicosdosuldabahia.com.br\/v1\/2016\/11\/23\/santa-cruz-da-vitoria-tre-libera-carlos-andre-para-tomar-posse\/","title":{"rendered":"SANTA CRUZ DA VIT\u00d3RIA: : TRE LIBERA CARLOS ANDR\u00c9 PARA TOMAR POSSE"},"content":{"rendered":"<p><img loading=\"lazy\" decoding=\"async\" class=\"aligncenter wp-image-86200\" src=\"http:\/\/www.politicosdosuldabahia.com.br\/v1\/wp-content\/uploads\/2016\/09\/carlddd.jpg\" alt=\"carlddd\" width=\"440\" height=\"782\" srcset=\"https:\/\/www.politicosdosuldabahia.com.br\/v1\/wp-content\/uploads\/2016\/09\/carlddd.jpg 540w, https:\/\/www.politicosdosuldabahia.com.br\/v1\/wp-content\/uploads\/2016\/09\/carlddd-169x300.jpg 169w\" sizes=\"(max-width: 440px) 100vw, 440px\" \/><\/p>\n<h4>O TRE-BA (Tribunal Regional Eleitoral Da Bahia) reformou nesta quarta-feira a decis\u00e3o do juiz eleitoral que indeferiu a chapa de Carlos Andr\u00e9 (PTC) para concorrer \u00e0 elei\u00e7\u00e3o de Santa Cruz da Vit\u00f3ria.<\/h4>\n<h4>A impugna\u00e7\u00e3o da chapa de Carlos Andr\u00e9 havia sido motivada pelo fato do mesmo ter condena\u00e7\u00e3o no Tribunal de Contas da Uni\u00e3o .<\/h4>\n<h4>A corte deferiu a chapa de Carlos Andr\u00e9 j\u00e1 que a defesa, o renomado advogado Michel Reis, apresentou um fato novo, uma liminar suspendendo a condena\u00e7\u00e3o no Tribunal de Contas da Uni\u00e3o.<\/h4>\n<h4>Com essa decis\u00e3o Carlos Andr\u00e9 est\u00e1 livre para ser diplomado e empossado como prefeito.<\/h4>\n","protected":false},"excerpt":{"rendered":"<p>O TRE-BA (Tribunal Regional Eleitoral Da Bahia) reformou nesta quarta-feira a decis\u00e3o do juiz eleitoral que indeferiu a chapa de Carlos Andr\u00e9 (PTC) para concorrer \u00e0 elei\u00e7\u00e3o de Santa Cruz da Vit\u00f3ria. A impugna\u00e7\u00e3o da chapa de Carlos Andr\u00e9 havia sido motivada pelo fato do mesmo ter condena\u00e7\u00e3o no Tribunal de Contas da Uni\u00e3o . [&hellip;]<\/p>\n","protected":false},"author":2,"featured_media":86200,"comment_status":"open","ping_status":"open","sticky":false,"template":"","format":"standard","meta":{"footnotes":"","_links_to":"","_links_to_target":""},"categories":[23,25,1],"tags":[],"class_list":["post-87496","post","type-post","status-publish","format-standard","has-post-thumbnail","hentry","category-destaque1","category-destaque3","category-geral"],"views":4569,"_links":{"self":[{"href":"https:\/\/www.politicosdosuldabahia.com.br\/v1\/wp-json\/wp\/v2\/posts\/87496"}],"collection":[{"href":"https:\/\/www.politicosdosuldabahia.com.br\/v1\/wp-json\/wp\/v2\/posts"}],"about":[{"href":"https:\/\/www.politicosdosuldabahia.com.br\/v1\/wp-json\/wp\/v2\/types\/post"}],"author":[{"embeddable":true,"href":"https:\/\/www.politicosdosuldabahia.com.br\/v1\/wp-json\/wp\/v2\/users\/2"}],"replies":[{"embeddable":true,"href":"https:\/\/www.politicosdosuldabahia.com.br\/v1\/wp-json\/wp\/v2\/comments?post=87496"}],"version-history":[{"count":2,"href":"https:\/\/www.politicosdosuldabahia.com.br\/v1\/wp-json\/wp\/v2\/posts\/87496\/revisions"}],"predecessor-version":[{"id":87498,"href":"https:\/\/www.politicosdosuldabahia.com.br\/v1\/wp-json\/wp\/v2\/posts\/87496\/revisions\/87498"}],"wp:featuredmedia":[{"embeddable":true,"href":"https:\/\/www.politicosdosuldabahia.com.br\/v1\/wp-json\/wp\/v2\/media\/86200"}],"wp:attachment":[{"href":"https:\/\/www.politicosdosuldabahia.com.br\/v1\/wp-json\/wp\/v2\/media?parent=87496"}],"wp:term":[{"taxonomy":"category","embeddable":true,"href":"https:\/\/www.politicosdosuldabahia.com.br\/v1\/wp-json\/wp\/v2\/categories?post=87496"},{"taxonomy":"post_tag","embeddable":true,"href":"https:\/\/www.politicosdosuldabahia.com.br\/v1\/wp-json\/wp\/v2\/tags?post=87496"}],"curies":[{"name":"wp","href":"https:\/\/api.w.org\/{rel}","templated":true}]}}