
{"id":87490,"date":"2016-11-23T13:14:05","date_gmt":"2016-11-23T16:14:05","guid":{"rendered":"http:\/\/www.politicosdosuldabahia.com.br\/v1\/?p=87490"},"modified":"2016-11-23T19:08:59","modified_gmt":"2016-11-23T22:08:59","slug":"ibicarai-adriana-assis-devera-ser-secretaria-de-educacao","status":"publish","type":"post","link":"https:\/\/www.politicosdosuldabahia.com.br\/v1\/2016\/11\/23\/ibicarai-adriana-assis-devera-ser-secretaria-de-educacao\/","title":{"rendered":"IBICARA\u00cd: ADRIANA ASSIS DEVER\u00c1 SER SECRET\u00c1RIA DE EDUCA\u00c7\u00c3O"},"content":{"rendered":"<p><img loading=\"lazy\" decoding=\"async\" class=\"aligncenter wp-image-87491\" src=\"http:\/\/www.politicosdosuldabahia.com.br\/v1\/wp-content\/uploads\/2016\/11\/lula-1.jpg\" alt=\"lula\" width=\"455\" height=\"341\" srcset=\"https:\/\/www.politicosdosuldabahia.com.br\/v1\/wp-content\/uploads\/2016\/11\/lula-1.jpg 660w, https:\/\/www.politicosdosuldabahia.com.br\/v1\/wp-content\/uploads\/2016\/11\/lula-1-300x225.jpg 300w\" sizes=\"(max-width: 455px) 100vw, 455px\" \/><\/p>\n<h4 style=\"text-align: justify;\">O prefeito eleito de Ibicara\u00ed, Lula Brand\u00e3o (PSDB) dever\u00e1 anunciar os nomes do seu secretariado no in\u00edcio de dezembro. Mas a sua vice-prefeita, Adriana Assis (PTN) est\u00e1 cotada para ser a secret\u00e1ria de educa\u00e7\u00e3o.<\/h4>\n<h4 style=\"text-align: justify;\">Em contato com Lula, ele fez v\u00e1rias defer\u00eancias ao curr\u00edculo de Adriana e afirmou que ela estaria habilitada para exercer a fun\u00e7\u00e3o.<\/h4>\n<h4 style=\"text-align: justify;\">Atualmente Adriana \u00e9 vereadora na cidade e se consolidou como um dos principais nomes da oposi\u00e7\u00e3o ao governo do prefeito Lenildo (PT).<\/h4>\n","protected":false},"excerpt":{"rendered":"<p>O prefeito eleito de Ibicara\u00ed, Lula Brand\u00e3o (PSDB) dever\u00e1 anunciar os nomes do seu secretariado no in\u00edcio de dezembro. Mas a sua vice-prefeita, Adriana Assis (PTN) est\u00e1 cotada para ser a secret\u00e1ria de educa\u00e7\u00e3o. Em contato com Lula, ele fez v\u00e1rias defer\u00eancias ao curr\u00edculo de Adriana e afirmou que ela estaria habilitada para exercer a [&hellip;]<\/p>\n","protected":false},"author":2,"featured_media":87491,"comment_status":"open","ping_status":"open","sticky":false,"template":"","format":"standard","meta":{"footnotes":"","_links_to":"","_links_to_target":""},"categories":[24,1],"tags":[],"class_list":["post-87490","post","type-post","status-publish","format-standard","has-post-thumbnail","hentry","category-destaque2","category-geral"],"views":2167,"_links":{"self":[{"href":"https:\/\/www.politicosdosuldabahia.com.br\/v1\/wp-json\/wp\/v2\/posts\/87490"}],"collection":[{"href":"https:\/\/www.politicosdosuldabahia.com.br\/v1\/wp-json\/wp\/v2\/posts"}],"about":[{"href":"https:\/\/www.politicosdosuldabahia.com.br\/v1\/wp-json\/wp\/v2\/types\/post"}],"author":[{"embeddable":true,"href":"https:\/\/www.politicosdosuldabahia.com.br\/v1\/wp-json\/wp\/v2\/users\/2"}],"replies":[{"embeddable":true,"href":"https:\/\/www.politicosdosuldabahia.com.br\/v1\/wp-json\/wp\/v2\/comments?post=87490"}],"version-history":[{"count":1,"href":"https:\/\/www.politicosdosuldabahia.com.br\/v1\/wp-json\/wp\/v2\/posts\/87490\/revisions"}],"predecessor-version":[{"id":87492,"href":"https:\/\/www.politicosdosuldabahia.com.br\/v1\/wp-json\/wp\/v2\/posts\/87490\/revisions\/87492"}],"wp:featuredmedia":[{"embeddable":true,"href":"https:\/\/www.politicosdosuldabahia.com.br\/v1\/wp-json\/wp\/v2\/media\/87491"}],"wp:attachment":[{"href":"https:\/\/www.politicosdosuldabahia.com.br\/v1\/wp-json\/wp\/v2\/media?parent=87490"}],"wp:term":[{"taxonomy":"category","embeddable":true,"href":"https:\/\/www.politicosdosuldabahia.com.br\/v1\/wp-json\/wp\/v2\/categories?post=87490"},{"taxonomy":"post_tag","embeddable":true,"href":"https:\/\/www.politicosdosuldabahia.com.br\/v1\/wp-json\/wp\/v2\/tags?post=87490"}],"curies":[{"name":"wp","href":"https:\/\/api.w.org\/{rel}","templated":true}]}}