
{"id":87474,"date":"2016-11-22T19:25:22","date_gmt":"2016-11-22T22:25:22","guid":{"rendered":"http:\/\/www.politicosdosuldabahia.com.br\/v1\/?p=87474"},"modified":"2016-11-23T19:09:56","modified_gmt":"2016-11-23T22:09:56","slug":"iguai-ministerio-publico-se-posiciona-pela-posse-de-rony","status":"publish","type":"post","link":"https:\/\/www.politicosdosuldabahia.com.br\/v1\/2016\/11\/22\/iguai-ministerio-publico-se-posiciona-pela-posse-de-rony\/","title":{"rendered":"IGUA\u00cd: MINIST\u00c9RIO PUBLICO SE POSICIONA PELA POSSE DE RONY"},"content":{"rendered":"<p><img loading=\"lazy\" decoding=\"async\" class=\"aligncenter wp-image-85475\" src=\"http:\/\/www.politicosdosuldabahia.com.br\/v1\/wp-content\/uploads\/2016\/08\/rony.jpg\" alt=\"rony\" width=\"455\" height=\"329\" \/><\/p>\n<h4 style=\"text-align: justify;\">Na \u00faltima segunda-feira o Minist\u00e9rio P\u00fablico Eleitoral manifestou-se a favor do candidato mais votado na disputa pela Prefeitura de Igua\u00ed. No entendimento do procurador regional eleitoral Ruy Bastos Melo, Rony Moitinho (PSD), est\u00e1 apto para ser diplomado e empossado prefeito.<\/h4>\n<h4 style=\"text-align: justify;\">O parecer do Minist\u00e9rio P\u00fablico Eleitoral foi anexado ao embargo de declara\u00e7\u00e3o no Tribunal Regional Eleitoral. Rony conseguiu uma liminar que suspendeu suas rejei\u00e7\u00f5es de contas pela c\u00e2mara de vereadores.<\/h4>\n<h4 style=\"text-align: justify;\">A expectativa \u00e9 que na pr\u00f3xima semana o TRE coloca em pauta o processo de Rony, a tend\u00eancia \u00e9 que os membros da corte sigam o parecer do Minist\u00e9rio P\u00fablico Eleitoral e decidam pelo deferimento do registro de candidatura de Rony.<\/h4>\n<p><img loading=\"lazy\" decoding=\"async\" class=\"aligncenter wp-image-87475\" src=\"http:\/\/www.politicosdosuldabahia.com.br\/v1\/wp-content\/uploads\/2016\/11\/pro.jpg\" alt=\"pro\" width=\"440\" height=\"782\" srcset=\"https:\/\/www.politicosdosuldabahia.com.br\/v1\/wp-content\/uploads\/2016\/11\/pro.jpg 540w, https:\/\/www.politicosdosuldabahia.com.br\/v1\/wp-content\/uploads\/2016\/11\/pro-169x300.jpg 169w\" sizes=\"(max-width: 440px) 100vw, 440px\" \/><\/p>\n","protected":false},"excerpt":{"rendered":"<p>Na \u00faltima segunda-feira o Minist\u00e9rio P\u00fablico Eleitoral manifestou-se a favor do candidato mais votado na disputa pela Prefeitura de Igua\u00ed. No entendimento do procurador regional eleitoral Ruy Bastos Melo, Rony Moitinho (PSD), est\u00e1 apto para ser diplomado e empossado prefeito. O parecer do Minist\u00e9rio P\u00fablico Eleitoral foi anexado ao embargo de declara\u00e7\u00e3o no Tribunal Regional [&hellip;]<\/p>\n","protected":false},"author":2,"featured_media":87475,"comment_status":"open","ping_status":"open","sticky":false,"template":"","format":"standard","meta":{"footnotes":"","_links_to":"","_links_to_target":""},"categories":[23,24,1],"tags":[],"class_list":["post-87474","post","type-post","status-publish","format-standard","has-post-thumbnail","hentry","category-destaque1","category-destaque2","category-geral"],"views":4833,"_links":{"self":[{"href":"https:\/\/www.politicosdosuldabahia.com.br\/v1\/wp-json\/wp\/v2\/posts\/87474"}],"collection":[{"href":"https:\/\/www.politicosdosuldabahia.com.br\/v1\/wp-json\/wp\/v2\/posts"}],"about":[{"href":"https:\/\/www.politicosdosuldabahia.com.br\/v1\/wp-json\/wp\/v2\/types\/post"}],"author":[{"embeddable":true,"href":"https:\/\/www.politicosdosuldabahia.com.br\/v1\/wp-json\/wp\/v2\/users\/2"}],"replies":[{"embeddable":true,"href":"https:\/\/www.politicosdosuldabahia.com.br\/v1\/wp-json\/wp\/v2\/comments?post=87474"}],"version-history":[{"count":1,"href":"https:\/\/www.politicosdosuldabahia.com.br\/v1\/wp-json\/wp\/v2\/posts\/87474\/revisions"}],"predecessor-version":[{"id":87476,"href":"https:\/\/www.politicosdosuldabahia.com.br\/v1\/wp-json\/wp\/v2\/posts\/87474\/revisions\/87476"}],"wp:featuredmedia":[{"embeddable":true,"href":"https:\/\/www.politicosdosuldabahia.com.br\/v1\/wp-json\/wp\/v2\/media\/87475"}],"wp:attachment":[{"href":"https:\/\/www.politicosdosuldabahia.com.br\/v1\/wp-json\/wp\/v2\/media?parent=87474"}],"wp:term":[{"taxonomy":"category","embeddable":true,"href":"https:\/\/www.politicosdosuldabahia.com.br\/v1\/wp-json\/wp\/v2\/categories?post=87474"},{"taxonomy":"post_tag","embeddable":true,"href":"https:\/\/www.politicosdosuldabahia.com.br\/v1\/wp-json\/wp\/v2\/tags?post=87474"}],"curies":[{"name":"wp","href":"https:\/\/api.w.org\/{rel}","templated":true}]}}