
{"id":87317,"date":"2016-11-15T11:37:09","date_gmt":"2016-11-15T14:37:09","guid":{"rendered":"http:\/\/www.politicosdosuldabahia.com.br\/v1\/?p=87317"},"modified":"2016-11-15T11:42:41","modified_gmt":"2016-11-15T14:42:41","slug":"itabuna-felix-mendonca-jr-declara-que-fernando-esta-inelegivel-e-mangabeira-devera-assumir","status":"publish","type":"post","link":"https:\/\/www.politicosdosuldabahia.com.br\/v1\/2016\/11\/15\/itabuna-felix-mendonca-jr-declara-que-fernando-esta-inelegivel-e-mangabeira-devera-assumir\/","title":{"rendered":"ITABUNA: F\u00c9LIX MENDON\u00c7A JR DECLARA QUE FERNANDO EST\u00c1 INELEG\u00cdVEL E MANGABEIRA DEVER\u00c1 ASSUMIR"},"content":{"rendered":"<p><img loading=\"lazy\" decoding=\"async\" class=\"aligncenter wp-image-87318\" src=\"http:\/\/www.politicosdosuldabahia.com.br\/v1\/wp-content\/uploads\/2016\/11\/F\u00e9lix-Mendon\u00e7a-Jr-448x336.jpg\" alt=\"felix-mendonca-jr-448x336\" width=\"455\" height=\"341\" srcset=\"https:\/\/www.politicosdosuldabahia.com.br\/v1\/wp-content\/uploads\/2016\/11\/F\u00e9lix-Mendon\u00e7a-Jr-448x336.jpg 448w, https:\/\/www.politicosdosuldabahia.com.br\/v1\/wp-content\/uploads\/2016\/11\/F\u00e9lix-Mendon\u00e7a-Jr-448x336-300x225.jpg 300w\" sizes=\"(max-width: 455px) 100vw, 455px\" \/><\/p>\n<h4 style=\"text-align: justify;\">O deputado federal e presidente estadual do PDT, F\u00e9lix Mendon\u00e7a Jr, conversou nesta segunda-feira (14) com este blog. Felix comentou sobre a sucess\u00e3o municipal de Itabuna e a sucess\u00e3o estadual. Veja abaixo.<\/h4>\n<h4 style=\"text-align: justify;\">JO\u00c3O MATHEUS: QUAL SUA AVALIA\u00c7\u00c3O SOBRE A SITUA\u00c7\u00c3O POL\u00cdTICA DE ITABUNA, QUEM ASSUME \u00c9 FERNANDO GOMES OU TER\u00c1 NOVA ELEI\u00c7\u00c3O?<\/h4>\n<h4 style=\"text-align: justify;\">F\u00c9LIX: Ainda acredito na justi\u00e7a, consequentemente Fernando \u00e9 ineleg\u00edvel e sempre foi, neste caso os votos dados a ele s\u00e3o nulos e como o total de nulos n\u00e3o ultrapassou os 50%, Mangabeira \u00e9 o primeiro colocado e ser\u00e1 proclamado prefeito de Itabuna.<\/h4>\n<h4 style=\"text-align: justify;\">JO\u00c3O MATHEUS: MAS A TURMA DE FERNANDO GOMES COMENTA QUE ELE RESOLVEU TUDO NO TRIBUNAL DE CONTAS DA UNI\u00c3O, ISSO N\u00c3O PROCEDE?<\/h4>\n<h4 style=\"text-align: justify;\">F\u00c9LIX: O que importa \u00e9 a decis\u00e3o do TRE, criar factoides por ter suspenso alguns processos, n\u00e3o resolve a situa\u00e7\u00e3o, todos sabem quem \u00e9 Fernando. Tem um ditado b\u00edblico que diz que n\u00e3o se deve levar afli\u00e7\u00e3o ao aflito, costumo tentar seguir..<\/h4>\n<h4 style=\"text-align: justify;\">JO\u00c3O MATHEUS: COMO AVALIOU O DESEMPENHO DE MANGABEIRA NA ELEI\u00c7\u00c3O DE ITABUNA?<\/h4>\n<h4 style=\"text-align: justify;\">F\u00c9LIX: Mangabeira brilhou nesta elei\u00e7\u00e3o! Superou um bom candidato como Augusto Castro, ficou \u00e0 frente de Geraldo Sim\u00f5es e Davidson que tiveram desempenho p\u00edfio.<\/h4>\n<h4 style=\"text-align: justify;\">Digo dele, Mangabeira e de Marco Wense, e de todos que colaboraram e acreditaram neste projeto que se mostrou vencedor, n\u00e3o pelo tempo de televis\u00e3o ou pelas lideran\u00e7as, n\u00e3o pelas coliga\u00e7\u00f5es que n\u00e3o aconteceram, mas pelas ideias, pela vontade de botar Itabuna no caminho certo, mostrar que Itabuna tem gente seria que est\u00e1 disposta a conserta-la.<\/h4>\n<h4 style=\"text-align: justify;\">JO\u00c3O MATHEUS: E POR QUAL MOTIVO VOC\u00ca N\u00c3O ESTEVE NA CAMPANHA PRESTIGIANDO MANGABEIRA?<\/h4>\n<h4 style=\"text-align: justify;\">F\u00c9LIX: A campanha foi realmente dele e de Marco Wense, que convidei para participar da estadual do PDT pela sua contribui\u00e7\u00e3o incans\u00e1vel ao partido e suas causas e eu s\u00f3 estive uma vez na caminhada com ele, tive de viajar muito mas por ser grapiuna torci muito por Mangabeira, sei que \u00e9 honesto que ser\u00e1 um excelente administrador da cidade e que ir\u00e1 tirar Itabuna da situa\u00e7\u00e3o ca\u00f3tica em que encontra-se.<\/h4>\n<h4 style=\"text-align: justify;\">JO\u00c3O MATHEUS: CASO MANGABEIRA N\u00c3O ASSUMA A PREFEITURA, O PDT PRETENDE CONVID\u00c1-LO PARA SER CANDIDATO A DEPUTADO ESTADUAL EM 2018?<\/h4>\n<h4 style=\"text-align: justify;\">F\u00c9LIX: Nunca conversei com Mangabeira sobre 2018, mas o PDT saiu forte da elei\u00e7\u00e3o no eixo Itabuna e Ilh\u00e9us, com as candidaturas de Mangabeira em Itabuna e Cosme Ara\u00fajo em Ilh\u00e9us.<\/h4>\n<h4 style=\"text-align: justify;\">JO\u00c3O MATHEUS: O PDT DA BAHIA VAI APOIAR NA ELEI\u00c7\u00c3O DE 2018 O GOVERNADOR RUI COSTA (PT) OU CANDIDATO DA OPOSI\u00c7\u00c3O ACM NETO (DEM)?<\/h4>\n<h4 style=\"text-align: justify;\">F\u00c9LIX: O PDT est\u00e1 na base de Rui Costa, e a tend\u00eancia \u00e9 assim permanecer.<\/h4>\n","protected":false},"excerpt":{"rendered":"<p>O deputado federal e presidente estadual do PDT, F\u00e9lix Mendon\u00e7a Jr, conversou nesta segunda-feira (14) com este blog. Felix comentou sobre a sucess\u00e3o municipal de Itabuna e a sucess\u00e3o estadual. Veja abaixo. JO\u00c3O MATHEUS: QUAL SUA AVALIA\u00c7\u00c3O SOBRE A SITUA\u00c7\u00c3O POL\u00cdTICA DE ITABUNA, QUEM ASSUME \u00c9 FERNANDO GOMES OU TER\u00c1 NOVA ELEI\u00c7\u00c3O? F\u00c9LIX: Ainda acredito [&hellip;]<\/p>\n","protected":false},"author":2,"featured_media":87318,"comment_status":"open","ping_status":"open","sticky":false,"template":"","format":"standard","meta":{"footnotes":"","_links_to":"","_links_to_target":""},"categories":[23,1],"tags":[],"class_list":["post-87317","post","type-post","status-publish","format-standard","has-post-thumbnail","hentry","category-destaque1","category-geral"],"views":3788,"_links":{"self":[{"href":"https:\/\/www.politicosdosuldabahia.com.br\/v1\/wp-json\/wp\/v2\/posts\/87317"}],"collection":[{"href":"https:\/\/www.politicosdosuldabahia.com.br\/v1\/wp-json\/wp\/v2\/posts"}],"about":[{"href":"https:\/\/www.politicosdosuldabahia.com.br\/v1\/wp-json\/wp\/v2\/types\/post"}],"author":[{"embeddable":true,"href":"https:\/\/www.politicosdosuldabahia.com.br\/v1\/wp-json\/wp\/v2\/users\/2"}],"replies":[{"embeddable":true,"href":"https:\/\/www.politicosdosuldabahia.com.br\/v1\/wp-json\/wp\/v2\/comments?post=87317"}],"version-history":[{"count":4,"href":"https:\/\/www.politicosdosuldabahia.com.br\/v1\/wp-json\/wp\/v2\/posts\/87317\/revisions"}],"predecessor-version":[{"id":87322,"href":"https:\/\/www.politicosdosuldabahia.com.br\/v1\/wp-json\/wp\/v2\/posts\/87317\/revisions\/87322"}],"wp:featuredmedia":[{"embeddable":true,"href":"https:\/\/www.politicosdosuldabahia.com.br\/v1\/wp-json\/wp\/v2\/media\/87318"}],"wp:attachment":[{"href":"https:\/\/www.politicosdosuldabahia.com.br\/v1\/wp-json\/wp\/v2\/media?parent=87317"}],"wp:term":[{"taxonomy":"category","embeddable":true,"href":"https:\/\/www.politicosdosuldabahia.com.br\/v1\/wp-json\/wp\/v2\/categories?post=87317"},{"taxonomy":"post_tag","embeddable":true,"href":"https:\/\/www.politicosdosuldabahia.com.br\/v1\/wp-json\/wp\/v2\/tags?post=87317"}],"curies":[{"name":"wp","href":"https:\/\/api.w.org\/{rel}","templated":true}]}}