
{"id":87112,"date":"2016-11-07T09:04:38","date_gmt":"2016-11-07T12:04:38","guid":{"rendered":"http:\/\/www.politicosdosuldabahia.com.br\/v1\/?p=87112"},"modified":"2016-11-07T11:18:36","modified_gmt":"2016-11-07T14:18:36","slug":"barro-preto-prefeita-eleita-fala-que-vai-fazer-auditoria-e-priorizar-a-area-da-saude","status":"publish","type":"post","link":"https:\/\/www.politicosdosuldabahia.com.br\/v1\/2016\/11\/07\/barro-preto-prefeita-eleita-fala-que-vai-fazer-auditoria-e-priorizar-a-area-da-saude\/","title":{"rendered":"BARRO PRETO: PREFEITA ELEITA FALA QUE VAI FAZER AUDITORIA E PRIORIZAR A \u00c1REA DA SA\u00daDE"},"content":{"rendered":"<p><img loading=\"lazy\" decoding=\"async\" class=\"aligncenter wp-image-87113\" src=\"http:\/\/www.politicosdosuldabahia.com.br\/v1\/wp-content\/uploads\/2016\/11\/anappppppppppppppp.jpg\" alt=\"anappppppppppppppp\" width=\"455\" height=\"455\" srcset=\"https:\/\/www.politicosdosuldabahia.com.br\/v1\/wp-content\/uploads\/2016\/11\/anappppppppppppppp.jpg 206w, https:\/\/www.politicosdosuldabahia.com.br\/v1\/wp-content\/uploads\/2016\/11\/anappppppppppppppp-150x150.jpg 150w\" sizes=\"(max-width: 455px) 100vw, 455px\" \/><\/p>\n<h4 style=\"text-align: justify;\">Na semana passada a prefeita eleita de Barro Preto, Ana Paula (PMDB), conversou com este blog sobre seus planos a partir de 2017 no governo da cidade.Veja abaixo<\/h4>\n<h4 style=\"text-align: justify;\">BLOG: Voc\u00ea est\u00e1 enfrentando dificuldade para realizar a transi\u00e7\u00e3o de governo?<\/h4>\n<h4 style=\"text-align: justify;\">ANA PAULA: Em rela\u00e7\u00e3o a transi\u00e7\u00e3o, a prefeita n\u00e3o se pronunciou at\u00e9 o momento, mas estarei enviando um of\u00edcio para a prefeitura segunda feira com o nome da minha equipe, dependendo acionaremos o MP.<\/h4>\n<h4 style=\"text-align: justify;\">BLOG: O que te levou a ser candidata a prefeita em um momento de desgaste da classe pol\u00edtica?<\/h4>\n<h4 style=\"text-align: justify;\">ANA PAULA: Exatamente para mostrar a popula\u00e7\u00e3o que no meio de muitos pol\u00edticos que n\u00e3o tem respeito pela popula\u00e7\u00e3o, eu, Ana Paula Sim\u00f5es farei a diferen\u00e7a, isso \u00e9 fato.<\/h4>\n<h4 style=\"text-align: justify;\">BLOG: Assim que tomar posse na prefeitura pensa em realizar auditoria nas contas da atual prefeita?<\/h4>\n<h4 style=\"text-align: justify;\">ANA PAULA: Auditoria ser\u00e1 essencial, farei com certeza.<\/h4>\n<h4 style=\"text-align: justify;\">BLOG: Qual ser\u00e3o as principais prioridades do seu governo?<\/h4>\n<h4 style=\"text-align: justify;\">ANA PAULA: Primeiramente, sa\u00fade, que foi um dos setores que a atual gest\u00e3o prometeu fazer exemplo para todo regi\u00e3o. E no entanto a popula\u00e7\u00e3o sofreu os 4 anos se assist\u00eancia m\u00e9dica, sem medicamentos, enfim sem dignidade.<\/h4>\n<h4 style=\"text-align: justify;\">Vou desenvolver um trabalho em todas as secret\u00e1rias todas s\u00e3o de extrema import\u00e2ncia para a comunidade. Enquanto a prefeita atual s\u00f3 trouxe regress\u00e3o para nossa querida Barro Preto.<\/h4>\n<h4 style=\"text-align: justify;\">BLOG: Qual ser\u00e1 a participa\u00e7\u00e3o do seu esposo, o ex-prefeito Adriano no seu governo?<\/h4>\n<h4 style=\"text-align: justify;\">ANA PAULA: Meu esposo \u00e9 uma pessoa inteligente, futurista e fez uma gest\u00e3o boa para Barro Preto, apesar de que a prefeita sempre falou o contr\u00e1rio, por inveja e despeito. Mas, com certeza ir\u00e1 me ajuda muito nessa caminhada.<\/h4>\n","protected":false},"excerpt":{"rendered":"<p>Na semana passada a prefeita eleita de Barro Preto, Ana Paula (PMDB), conversou com este blog sobre seus planos a partir de 2017 no governo da cidade.Veja abaixo BLOG: Voc\u00ea est\u00e1 enfrentando dificuldade para realizar a transi\u00e7\u00e3o de governo? ANA PAULA: Em rela\u00e7\u00e3o a transi\u00e7\u00e3o, a prefeita n\u00e3o se pronunciou at\u00e9 o momento, mas estarei [&hellip;]<\/p>\n","protected":false},"author":2,"featured_media":87113,"comment_status":"open","ping_status":"open","sticky":false,"template":"","format":"standard","meta":{"footnotes":"","_links_to":"","_links_to_target":""},"categories":[24,1],"tags":[],"class_list":["post-87112","post","type-post","status-publish","format-standard","has-post-thumbnail","hentry","category-destaque2","category-geral"],"views":2064,"_links":{"self":[{"href":"https:\/\/www.politicosdosuldabahia.com.br\/v1\/wp-json\/wp\/v2\/posts\/87112"}],"collection":[{"href":"https:\/\/www.politicosdosuldabahia.com.br\/v1\/wp-json\/wp\/v2\/posts"}],"about":[{"href":"https:\/\/www.politicosdosuldabahia.com.br\/v1\/wp-json\/wp\/v2\/types\/post"}],"author":[{"embeddable":true,"href":"https:\/\/www.politicosdosuldabahia.com.br\/v1\/wp-json\/wp\/v2\/users\/2"}],"replies":[{"embeddable":true,"href":"https:\/\/www.politicosdosuldabahia.com.br\/v1\/wp-json\/wp\/v2\/comments?post=87112"}],"version-history":[{"count":2,"href":"https:\/\/www.politicosdosuldabahia.com.br\/v1\/wp-json\/wp\/v2\/posts\/87112\/revisions"}],"predecessor-version":[{"id":87119,"href":"https:\/\/www.politicosdosuldabahia.com.br\/v1\/wp-json\/wp\/v2\/posts\/87112\/revisions\/87119"}],"wp:featuredmedia":[{"embeddable":true,"href":"https:\/\/www.politicosdosuldabahia.com.br\/v1\/wp-json\/wp\/v2\/media\/87113"}],"wp:attachment":[{"href":"https:\/\/www.politicosdosuldabahia.com.br\/v1\/wp-json\/wp\/v2\/media?parent=87112"}],"wp:term":[{"taxonomy":"category","embeddable":true,"href":"https:\/\/www.politicosdosuldabahia.com.br\/v1\/wp-json\/wp\/v2\/categories?post=87112"},{"taxonomy":"post_tag","embeddable":true,"href":"https:\/\/www.politicosdosuldabahia.com.br\/v1\/wp-json\/wp\/v2\/tags?post=87112"}],"curies":[{"name":"wp","href":"https:\/\/api.w.org\/{rel}","templated":true}]}}