
{"id":86874,"date":"2016-10-26T11:35:28","date_gmt":"2016-10-26T14:35:28","guid":{"rendered":"http:\/\/www.politicosdosuldabahia.com.br\/v1\/?p=86874"},"modified":"2016-10-26T13:01:37","modified_gmt":"2016-10-26T16:01:37","slug":"marcos-galvao-vamos-mostrar-para-iniciativa-privada-o-tamanho-do-sao-joao-de-ibicui","status":"publish","type":"post","link":"https:\/\/www.politicosdosuldabahia.com.br\/v1\/2016\/10\/26\/marcos-galvao-vamos-mostrar-para-iniciativa-privada-o-tamanho-do-sao-joao-de-ibicui\/","title":{"rendered":"MARCOS GALV\u00c3O: \u201cVAMOS MOSTRAR PARA INICIATIVA PRIVADA O TAMANHO DO  S\u00c3O JO\u00c3O DE IBICU\u00cd\u201d"},"content":{"rendered":"<h4 style=\"text-align: justify;\"><img loading=\"lazy\" decoding=\"async\" class=\"aligncenter wp-image-86875\" src=\"http:\/\/www.politicosdosuldabahia.com.br\/v1\/wp-content\/uploads\/2016\/10\/mc.jpg\" alt=\"mc\" width=\"455\" height=\"547\" srcset=\"https:\/\/www.politicosdosuldabahia.com.br\/v1\/wp-content\/uploads\/2016\/10\/mc.jpg 333w, https:\/\/www.politicosdosuldabahia.com.br\/v1\/wp-content\/uploads\/2016\/10\/mc-250x300.jpg 250w\" sizes=\"(max-width: 455px) 100vw, 455px\" \/><br \/>\nO prefeito eleito de Ibicu\u00ed, Marcos Galv\u00e3o (PSD) bateu um papo com este blogueiro e falou sobre a expectativa sobre o seu governo. Marcos Galv\u00e3o, que ganhou com uma grande vantagem, falou sobre suas prioridades.<\/h4>\n<h4 style=\"text-align: justify;\">BLOG: quando vai anunciar a sua equipe de governo e qual ser\u00e1 o perfil?<\/h4>\n<h4 style=\"text-align: justify;\">MARCOS GALV\u00c3O: N\u00e3o existe uma data definida, mas os secret\u00e1rios que v\u00e3o gerir recursos s\u00e3o prioridade, imagino anunciar parte do secretariado at\u00e9 meados de novembro.<\/h4>\n<h4 style=\"text-align: justify;\">Por exemplo: sa\u00fade, assist\u00eancia social e educa\u00e7\u00e3o s\u00e3o gestores. J\u00e1 o perfil ser\u00e1 de compromisso com o recurso p\u00fablico e saber que ser\u00e1 empregado do povo.<\/h4>\n<h4 style=\"text-align: justify;\">BLOG: Qual ser\u00e3o as prioridades no in\u00edcio do seu governo?<\/h4>\n<h4 style=\"text-align: justify;\">MARCOS GALV\u00c3O: Organizar as contas p\u00fablicas, essa \u00e9 a quest\u00e3o principal. Precisamos contar com a paci\u00eancia da popula\u00e7\u00e3o, inicialmente essa \u00e9 nossa prioridade. Precisamos tamb\u00e9m planejar nosso governo, analisar a necessidade de uma reforma administrativa.<\/h4>\n<h4 style=\"text-align: justify;\">BLOG : O munic\u00edpio de Ibicu\u00ed passa por dificuldade financeira, j\u00e1 no seu primeiro semestre ter\u00e1 a tradicional festa de S\u00e3o Jo\u00e3o. Como realizar a festa sem impactar no or\u00e7amento do munic\u00edpio?<\/h4>\n<h4 style=\"text-align: justify;\">MARCOS GALV\u00c3O: Tudo passa pela profissionaliza\u00e7\u00e3o do S\u00e3o Jo\u00e3o, vamos mostrar para iniciativa privada o tamanho do nosso S\u00e3o Jo\u00e3o, veicular uma marca junto a um evento de tamanha tradi\u00e7\u00e3o \u00e9 a certeza de um grande retorno.<\/h4>\n<h4 style=\"text-align: justify;\">Vamos ao governo do estado ao minist\u00e9rio do turismo, mostrar o nosso diferencial, e acima de tudo vamos convocar a popula\u00e7\u00e3o de Ibicu\u00ed a ser parte direta na formata\u00e7\u00e3o e profissionaliza\u00e7\u00e3o.<\/h4>\n<h4 style=\"text-align: justify;\">Avisamos aos turistas que o nosso S\u00e3o Jo\u00e3o ser\u00e1 mais organizado, mais tradicional e mais forte.<\/h4>\n<h4 style=\"text-align: justify;\">BLOG: Pretende realizar uma auditoria nas contas das gest\u00f5es ?<\/h4>\n<h4 style=\"text-align: justify;\">MARCOS GALV\u00c3O: \u00c9 natural, n\u00e3o h\u00e1 possibilidade de assumir um governo sem conhecer as a\u00e7\u00f5es da gest\u00e3o anterior, por isso a auditoria \u00e9 uma necessidade.<\/h4>\n<h4 style=\"text-align: justify;\">BLOG: Voc\u00ea foi eleito com a maior vantagem percentual da hist\u00f3ria pol\u00edtica do munic\u00edpio. Sua advers\u00e1ria, a atual prefeita Gilnay, teve o apoio de todos os ex-prefeitos. Como analisa o resultado da elei\u00e7\u00e3o?<\/h4>\n<h4 style=\"text-align: justify;\">MARCOS GALV\u00c3O: Isso mostra que os ex prefeitos n\u00e3o tiveram a sensibilidade de perceber o desejo do povo, Infelizmente pensaram naquele momento em projetos pessoais, uma pena.<\/h4>\n<h4 style=\"text-align: justify;\">A cada visita que faz\u00edamos perceb\u00edamos que est\u00e1vamos no caminho certo, a popula\u00e7\u00e3o de Ibicu\u00ed, dos distritos de Ibitup\u00e3 e \u00c1gua Doce, e nossa regi\u00e3o rural mostrou o desejo de mudan\u00e7a, afinal, n\u00e3o perdemos em uma urna, apesar disso temos consci\u00eancia do tamanho da nossa responsabilidade e os problemas que enfrentaremos. Vamos com f\u00e9!!<\/h4>\n","protected":false},"excerpt":{"rendered":"<p>O prefeito eleito de Ibicu\u00ed, Marcos Galv\u00e3o (PSD) bateu um papo com este blogueiro e falou sobre a expectativa sobre o seu governo. Marcos Galv\u00e3o, que ganhou com uma grande vantagem, falou sobre suas prioridades. BLOG: quando vai anunciar a sua equipe de governo e qual ser\u00e1 o perfil? MARCOS GALV\u00c3O: N\u00e3o existe uma data [&hellip;]<\/p>\n","protected":false},"author":2,"featured_media":86875,"comment_status":"open","ping_status":"open","sticky":false,"template":"","format":"standard","meta":{"footnotes":"","_links_to":"","_links_to_target":""},"categories":[23,24,1],"tags":[],"class_list":["post-86874","post","type-post","status-publish","format-standard","has-post-thumbnail","hentry","category-destaque1","category-destaque2","category-geral"],"views":4746,"_links":{"self":[{"href":"https:\/\/www.politicosdosuldabahia.com.br\/v1\/wp-json\/wp\/v2\/posts\/86874"}],"collection":[{"href":"https:\/\/www.politicosdosuldabahia.com.br\/v1\/wp-json\/wp\/v2\/posts"}],"about":[{"href":"https:\/\/www.politicosdosuldabahia.com.br\/v1\/wp-json\/wp\/v2\/types\/post"}],"author":[{"embeddable":true,"href":"https:\/\/www.politicosdosuldabahia.com.br\/v1\/wp-json\/wp\/v2\/users\/2"}],"replies":[{"embeddable":true,"href":"https:\/\/www.politicosdosuldabahia.com.br\/v1\/wp-json\/wp\/v2\/comments?post=86874"}],"version-history":[{"count":3,"href":"https:\/\/www.politicosdosuldabahia.com.br\/v1\/wp-json\/wp\/v2\/posts\/86874\/revisions"}],"predecessor-version":[{"id":86878,"href":"https:\/\/www.politicosdosuldabahia.com.br\/v1\/wp-json\/wp\/v2\/posts\/86874\/revisions\/86878"}],"wp:featuredmedia":[{"embeddable":true,"href":"https:\/\/www.politicosdosuldabahia.com.br\/v1\/wp-json\/wp\/v2\/media\/86875"}],"wp:attachment":[{"href":"https:\/\/www.politicosdosuldabahia.com.br\/v1\/wp-json\/wp\/v2\/media?parent=86874"}],"wp:term":[{"taxonomy":"category","embeddable":true,"href":"https:\/\/www.politicosdosuldabahia.com.br\/v1\/wp-json\/wp\/v2\/categories?post=86874"},{"taxonomy":"post_tag","embeddable":true,"href":"https:\/\/www.politicosdosuldabahia.com.br\/v1\/wp-json\/wp\/v2\/tags?post=86874"}],"curies":[{"name":"wp","href":"https:\/\/api.w.org\/{rel}","templated":true}]}}