
{"id":86643,"date":"2016-10-17T17:28:33","date_gmt":"2016-10-17T20:28:33","guid":{"rendered":"http:\/\/www.politicosdosuldabahia.com.br\/v1\/?p=86643"},"modified":"2016-10-17T22:18:44","modified_gmt":"2016-10-18T01:18:44","slug":"itabuna-aldenes-diz-que-nao-tera-aumento-de-salarios-dos-vereadores","status":"publish","type":"post","link":"https:\/\/www.politicosdosuldabahia.com.br\/v1\/2016\/10\/17\/itabuna-aldenes-diz-que-nao-tera-aumento-de-salarios-dos-vereadores\/","title":{"rendered":"ITABUNA: ALDENES  DIZ QUE N\u00c3O TER\u00c1  AUMENTO DE SAL\u00c1RIOS DOS VEREADORES"},"content":{"rendered":"<p><img loading=\"lazy\" decoding=\"async\" class=\"aligncenter wp-image-82583\" src=\"http:\/\/www.politicosdosuldabahia.com.br\/v1\/wp-content\/uploads\/2016\/04\/Aldenes-foto.jpg\" alt=\"Aldenes-foto\" width=\"455\" height=\"341\" \/><\/p>\n<h4 style=\"text-align: justify;\">O presidente da c\u00e2mara de vereadores de Itabuna, Aldenes Meira (PC do B), manteve contato com este blog e afirmou que a c\u00e2mara n\u00e3o vai colocar em vota\u00e7\u00e3o projeto para aumentar sal\u00e1rio dos vereadores.<\/h4>\n<h4 style=\"text-align: justify;\">Segundo Aldenes, pela lei org\u00e2nica do munic\u00edpio, o prazo final era at\u00e9 o dia 30 de setembro para a mesa diretora da C\u00e2mara enviar projeto de lei que reajusta os sal\u00e1rios dos vereadores e executivo.<\/h4>\n<h4 style=\"text-align: justify;\">\u201cdecidimos n\u00e3o enviar por achar justo o sal\u00e1rio que recebemos, n\u00e3o precisando assim de reajuste\u201d, declarou Aldenes.<\/h4>\n<h4 style=\"text-align: justify;\">Aldenes concluiu informando que na sua gest\u00e3o foi implantado o portal da transpar\u00eancia na c\u00e2mara e suas contas foram aprovadas pelo TCM.<\/h4>\n<h4 style=\"text-align: justify;\">\u201cna nossa gest\u00e3o que come\u00e7ou em 2013, implantamos o portal da transpar\u00eancia, realizamos o concurso p\u00fablico e nossas contas foram aprovadas pelo Tribunal de Contas\u201d, finalizou.<\/h4>\n","protected":false},"excerpt":{"rendered":"<p>O presidente da c\u00e2mara de vereadores de Itabuna, Aldenes Meira (PC do B), manteve contato com este blog e afirmou que a c\u00e2mara n\u00e3o vai colocar em vota\u00e7\u00e3o projeto para aumentar sal\u00e1rio dos vereadores. Segundo Aldenes, pela lei org\u00e2nica do munic\u00edpio, o prazo final era at\u00e9 o dia 30 de setembro para a mesa diretora [&hellip;]<\/p>\n","protected":false},"author":2,"featured_media":82583,"comment_status":"open","ping_status":"open","sticky":false,"template":"","format":"standard","meta":{"footnotes":"","_links_to":"","_links_to_target":""},"categories":[24,1],"tags":[],"class_list":["post-86643","post","type-post","status-publish","format-standard","has-post-thumbnail","hentry","category-destaque2","category-geral"],"views":1828,"_links":{"self":[{"href":"https:\/\/www.politicosdosuldabahia.com.br\/v1\/wp-json\/wp\/v2\/posts\/86643"}],"collection":[{"href":"https:\/\/www.politicosdosuldabahia.com.br\/v1\/wp-json\/wp\/v2\/posts"}],"about":[{"href":"https:\/\/www.politicosdosuldabahia.com.br\/v1\/wp-json\/wp\/v2\/types\/post"}],"author":[{"embeddable":true,"href":"https:\/\/www.politicosdosuldabahia.com.br\/v1\/wp-json\/wp\/v2\/users\/2"}],"replies":[{"embeddable":true,"href":"https:\/\/www.politicosdosuldabahia.com.br\/v1\/wp-json\/wp\/v2\/comments?post=86643"}],"version-history":[{"count":2,"href":"https:\/\/www.politicosdosuldabahia.com.br\/v1\/wp-json\/wp\/v2\/posts\/86643\/revisions"}],"predecessor-version":[{"id":86651,"href":"https:\/\/www.politicosdosuldabahia.com.br\/v1\/wp-json\/wp\/v2\/posts\/86643\/revisions\/86651"}],"wp:featuredmedia":[{"embeddable":true,"href":"https:\/\/www.politicosdosuldabahia.com.br\/v1\/wp-json\/wp\/v2\/media\/82583"}],"wp:attachment":[{"href":"https:\/\/www.politicosdosuldabahia.com.br\/v1\/wp-json\/wp\/v2\/media?parent=86643"}],"wp:term":[{"taxonomy":"category","embeddable":true,"href":"https:\/\/www.politicosdosuldabahia.com.br\/v1\/wp-json\/wp\/v2\/categories?post=86643"},{"taxonomy":"post_tag","embeddable":true,"href":"https:\/\/www.politicosdosuldabahia.com.br\/v1\/wp-json\/wp\/v2\/tags?post=86643"}],"curies":[{"name":"wp","href":"https:\/\/api.w.org\/{rel}","templated":true}]}}