
{"id":86387,"date":"2016-10-04T08:52:59","date_gmt":"2016-10-04T11:52:59","guid":{"rendered":"http:\/\/www.politicosdosuldabahia.com.br\/v1\/?p=86387"},"modified":"2016-10-04T11:01:54","modified_gmt":"2016-10-04T14:01:54","slug":"ibicui-marcos-galvao-faz-festa-com-vingadora-e-trio-da-huana-para-comemorar-eleicao","status":"publish","type":"post","link":"https:\/\/www.politicosdosuldabahia.com.br\/v1\/2016\/10\/04\/ibicui-marcos-galvao-faz-festa-com-vingadora-e-trio-da-huana-para-comemorar-eleicao\/","title":{"rendered":"IBICU\u00cd: MARCOS GALV\u00c3O FAZ FESTA COM VINGADORA E TRIO DA HUANA PARA COMEMORAR ELEI\u00c7\u00c3O"},"content":{"rendered":"<p><img loading=\"lazy\" decoding=\"async\" class=\"aligncenter wp-image-86260\" src=\"http:\/\/www.politicosdosuldabahia.com.br\/v1\/wp-content\/uploads\/2016\/09\/galv\u00e3o.jpg\" alt=\"galvao\" width=\"447\" height=\"252\" srcset=\"https:\/\/www.politicosdosuldabahia.com.br\/v1\/wp-content\/uploads\/2016\/09\/galv\u00e3o.jpg 497w, https:\/\/www.politicosdosuldabahia.com.br\/v1\/wp-content\/uploads\/2016\/09\/galv\u00e3o-300x169.jpg 300w\" sizes=\"(max-width: 447px) 100vw, 447px\" \/><\/p>\n<h4 style=\"text-align: justify;\">O prefeito eleito de Ibicu\u00ed, Marcos Galv\u00e3o (PSD), decidiu fazer dois dias de festa para comemorar a sua elei\u00e7\u00e3o. Nesta segunda-feira a festa foi animada pela banda Vingadora. J\u00e1 nesta ter\u00e7a-feira a anima\u00e7\u00e3o ficar\u00e1 por conta da banda Trio da Huana.<\/h4>\n<h4 style=\"text-align: justify;\">Marcos Galv\u00e3o que \u00e9 dono da festa \u201cBrega Light\u201d, venceu a elei\u00e7\u00e3o no \u00faltimo domingo com a maior vantagem da registrada na hist\u00f3ria de Ibicu\u00ed:<\/h4>\n<h4 style=\"text-align: justify;\">\u201cuma grande responsabilidade administrar essa cidade, mas j\u00e1 vou formar ainda essa semana uma equipe para atuar na transi\u00e7\u00e3o. Pretende formar minha equipe de governo qualificada para realizar uma gest\u00e3o inovadora na nossa cidade\u201d, declarou Marcos.<\/h4>\n","protected":false},"excerpt":{"rendered":"<p>O prefeito eleito de Ibicu\u00ed, Marcos Galv\u00e3o (PSD), decidiu fazer dois dias de festa para comemorar a sua elei\u00e7\u00e3o. Nesta segunda-feira a festa foi animada pela banda Vingadora. J\u00e1 nesta ter\u00e7a-feira a anima\u00e7\u00e3o ficar\u00e1 por conta da banda Trio da Huana. Marcos Galv\u00e3o que \u00e9 dono da festa \u201cBrega Light\u201d, venceu a elei\u00e7\u00e3o no \u00faltimo [&hellip;]<\/p>\n","protected":false},"author":2,"featured_media":86260,"comment_status":"open","ping_status":"open","sticky":false,"template":"","format":"standard","meta":{"footnotes":"","_links_to":"","_links_to_target":""},"categories":[23,25,1],"tags":[],"class_list":["post-86387","post","type-post","status-publish","format-standard","has-post-thumbnail","hentry","category-destaque1","category-destaque3","category-geral"],"views":4049,"_links":{"self":[{"href":"https:\/\/www.politicosdosuldabahia.com.br\/v1\/wp-json\/wp\/v2\/posts\/86387"}],"collection":[{"href":"https:\/\/www.politicosdosuldabahia.com.br\/v1\/wp-json\/wp\/v2\/posts"}],"about":[{"href":"https:\/\/www.politicosdosuldabahia.com.br\/v1\/wp-json\/wp\/v2\/types\/post"}],"author":[{"embeddable":true,"href":"https:\/\/www.politicosdosuldabahia.com.br\/v1\/wp-json\/wp\/v2\/users\/2"}],"replies":[{"embeddable":true,"href":"https:\/\/www.politicosdosuldabahia.com.br\/v1\/wp-json\/wp\/v2\/comments?post=86387"}],"version-history":[{"count":1,"href":"https:\/\/www.politicosdosuldabahia.com.br\/v1\/wp-json\/wp\/v2\/posts\/86387\/revisions"}],"predecessor-version":[{"id":86388,"href":"https:\/\/www.politicosdosuldabahia.com.br\/v1\/wp-json\/wp\/v2\/posts\/86387\/revisions\/86388"}],"wp:featuredmedia":[{"embeddable":true,"href":"https:\/\/www.politicosdosuldabahia.com.br\/v1\/wp-json\/wp\/v2\/media\/86260"}],"wp:attachment":[{"href":"https:\/\/www.politicosdosuldabahia.com.br\/v1\/wp-json\/wp\/v2\/media?parent=86387"}],"wp:term":[{"taxonomy":"category","embeddable":true,"href":"https:\/\/www.politicosdosuldabahia.com.br\/v1\/wp-json\/wp\/v2\/categories?post=86387"},{"taxonomy":"post_tag","embeddable":true,"href":"https:\/\/www.politicosdosuldabahia.com.br\/v1\/wp-json\/wp\/v2\/tags?post=86387"}],"curies":[{"name":"wp","href":"https:\/\/api.w.org\/{rel}","templated":true}]}}