
{"id":86384,"date":"2016-10-04T07:38:31","date_gmt":"2016-10-04T10:38:31","guid":{"rendered":"http:\/\/www.politicosdosuldabahia.com.br\/v1\/?p=86384"},"modified":"2016-10-04T11:02:28","modified_gmt":"2016-10-04T14:02:28","slug":"urucuca-moacyr-leite-venceu-mas-podera-ter-outra-eleicao","status":"publish","type":"post","link":"https:\/\/www.politicosdosuldabahia.com.br\/v1\/2016\/10\/04\/urucuca-moacyr-leite-venceu-mas-podera-ter-outra-eleicao\/","title":{"rendered":"URU\u00c7UCA: MOACYR LEITE VENCEU, MAS PODER\u00c1 TER OUTRA ELEI\u00c7\u00c3O"},"content":{"rendered":"<p><img loading=\"lazy\" decoding=\"async\" class=\"aligncenter wp-image-86385\" src=\"http:\/\/www.politicosdosuldabahia.com.br\/v1\/wp-content\/uploads\/2016\/10\/mo.jpg\" alt=\"mo\" width=\"455\" height=\"455\" srcset=\"https:\/\/www.politicosdosuldabahia.com.br\/v1\/wp-content\/uploads\/2016\/10\/mo.jpg 960w, https:\/\/www.politicosdosuldabahia.com.br\/v1\/wp-content\/uploads\/2016\/10\/mo-150x150.jpg 150w, https:\/\/www.politicosdosuldabahia.com.br\/v1\/wp-content\/uploads\/2016\/10\/mo-300x300.jpg 300w, https:\/\/www.politicosdosuldabahia.com.br\/v1\/wp-content\/uploads\/2016\/10\/mo-768x768.jpg 768w\" sizes=\"(max-width: 455px) 100vw, 455px\" \/><\/p>\n<h4 style=\"text-align: justify;\">Em Uru\u00e7uca o mais votado foi Moacyr Leite(DEM), como ele teve seu registro de candidatura indeferido, seus votos n\u00e3o foram divulgados. Moacyr Leite dever\u00e1 entrar com recurso no TRE para tentar registrar sua candidatura.<\/h4>\n<h4 style=\"text-align: justify;\">Caso ele consiga, ser\u00e1 diplomado e ser\u00e1 empossado em janeiro de 2017, mas caso ele n\u00e3o consiga o registro de sua candidatura, o presidente da c\u00e2mara assumir\u00e1 a prefeitura at\u00e9 a realiza\u00e7\u00e3o de uma nova elei\u00e7\u00e3o.<\/h4>\n","protected":false},"excerpt":{"rendered":"<p>Em Uru\u00e7uca o mais votado foi Moacyr Leite(DEM), como ele teve seu registro de candidatura indeferido, seus votos n\u00e3o foram divulgados. Moacyr Leite dever\u00e1 entrar com recurso no TRE para tentar registrar sua candidatura. Caso ele consiga, ser\u00e1 diplomado e ser\u00e1 empossado em janeiro de 2017, mas caso ele n\u00e3o consiga o registro de sua [&hellip;]<\/p>\n","protected":false},"author":2,"featured_media":86385,"comment_status":"open","ping_status":"open","sticky":false,"template":"","format":"standard","meta":{"footnotes":"","_links_to":"","_links_to_target":""},"categories":[23,1],"tags":[],"class_list":["post-86384","post","type-post","status-publish","format-standard","has-post-thumbnail","hentry","category-destaque1","category-geral"],"views":2719,"_links":{"self":[{"href":"https:\/\/www.politicosdosuldabahia.com.br\/v1\/wp-json\/wp\/v2\/posts\/86384"}],"collection":[{"href":"https:\/\/www.politicosdosuldabahia.com.br\/v1\/wp-json\/wp\/v2\/posts"}],"about":[{"href":"https:\/\/www.politicosdosuldabahia.com.br\/v1\/wp-json\/wp\/v2\/types\/post"}],"author":[{"embeddable":true,"href":"https:\/\/www.politicosdosuldabahia.com.br\/v1\/wp-json\/wp\/v2\/users\/2"}],"replies":[{"embeddable":true,"href":"https:\/\/www.politicosdosuldabahia.com.br\/v1\/wp-json\/wp\/v2\/comments?post=86384"}],"version-history":[{"count":1,"href":"https:\/\/www.politicosdosuldabahia.com.br\/v1\/wp-json\/wp\/v2\/posts\/86384\/revisions"}],"predecessor-version":[{"id":86386,"href":"https:\/\/www.politicosdosuldabahia.com.br\/v1\/wp-json\/wp\/v2\/posts\/86384\/revisions\/86386"}],"wp:featuredmedia":[{"embeddable":true,"href":"https:\/\/www.politicosdosuldabahia.com.br\/v1\/wp-json\/wp\/v2\/media\/86385"}],"wp:attachment":[{"href":"https:\/\/www.politicosdosuldabahia.com.br\/v1\/wp-json\/wp\/v2\/media?parent=86384"}],"wp:term":[{"taxonomy":"category","embeddable":true,"href":"https:\/\/www.politicosdosuldabahia.com.br\/v1\/wp-json\/wp\/v2\/categories?post=86384"},{"taxonomy":"post_tag","embeddable":true,"href":"https:\/\/www.politicosdosuldabahia.com.br\/v1\/wp-json\/wp\/v2\/tags?post=86384"}],"curies":[{"name":"wp","href":"https:\/\/api.w.org\/{rel}","templated":true}]}}