
{"id":85854,"date":"2016-09-13T09:01:34","date_gmt":"2016-09-13T12:01:34","guid":{"rendered":"http:\/\/www.politicosdosuldabahia.com.br\/v1\/?p=85854"},"modified":"2016-09-12T23:03:49","modified_gmt":"2016-09-13T02:03:49","slug":"itajuipe-comicios-marcone-amaral-tem-recorde-de-publico","status":"publish","type":"post","link":"https:\/\/www.politicosdosuldabahia.com.br\/v1\/2016\/09\/13\/itajuipe-comicios-marcone-amaral-tem-recorde-de-publico\/","title":{"rendered":"ITAJU\u00cdPE:  COM\u00cdCIOS MARCONE AMARAL TEM RECORDE DE P\u00daBLICO"},"content":{"rendered":"<p><img loading=\"lazy\" decoding=\"async\" class=\"aligncenter wp-image-85855\" src=\"http:\/\/www.politicosdosuldabahia.com.br\/v1\/wp-content\/uploads\/2016\/09\/FB_IMG_1473729141246.jpg\" alt=\"fb_img_1473729141246\" width=\"455\" height=\"303\" srcset=\"https:\/\/www.politicosdosuldabahia.com.br\/v1\/wp-content\/uploads\/2016\/09\/FB_IMG_1473729141246.jpg 720w, https:\/\/www.politicosdosuldabahia.com.br\/v1\/wp-content\/uploads\/2016\/09\/FB_IMG_1473729141246-300x200.jpg 300w\" sizes=\"(max-width: 455px) 100vw, 455px\" \/><\/p>\n<h4 style=\"text-align: justify;\">Com a presen\u00e7a de apoiadores da sua campanha, o candidato a Prefeitura de Itaju\u00edpe, Marcone Amaral, conseguiu reunir milhares de pessoas no \u00faltimo s\u00e1bado \u00e0 noite (10) no bairro Novo Itaju\u00edpe.<\/h4>\n<h4 style=\"text-align: justify;\">Iniciado por uma forte caminhada, contando com a presen\u00e7a maci\u00e7a do povo. Moradores expressavam a alegria em receber o candidato e alguns afirmavam: \u201cN\u00f3s gostamos de Marcone, porque ele \u00e9 Jovem, tem propostas reais para resolver os problemas da nossa cidade e n\u00e3o vive de falsas promessas\u201d.<\/h4>\n<h4 style=\"text-align: justify;\">Marcone destacou o abandono que a cidade de Itaju\u00edpe vive a anos, e ressaltou algumas de suas propostas, dando uma aten\u00e7\u00e3o maior \u00e0 sa\u00fade, para que a cidade saia da situa\u00e7\u00e3o de total abandono que se encontra e possa retomar o crescimento, dando uma melhor qualidade de vida para seus moradores.<\/h4>\n","protected":false},"excerpt":{"rendered":"<p>Com a presen\u00e7a de apoiadores da sua campanha, o candidato a Prefeitura de Itaju\u00edpe, Marcone Amaral, conseguiu reunir milhares de pessoas no \u00faltimo s\u00e1bado \u00e0 noite (10) no bairro Novo Itaju\u00edpe. Iniciado por uma forte caminhada, contando com a presen\u00e7a maci\u00e7a do povo. Moradores expressavam a alegria em receber o candidato e alguns afirmavam: \u201cN\u00f3s [&hellip;]<\/p>\n","protected":false},"author":2,"featured_media":0,"comment_status":"open","ping_status":"open","sticky":false,"template":"","format":"standard","meta":{"footnotes":"","_links_to":"","_links_to_target":""},"categories":[1],"tags":[],"class_list":["post-85854","post","type-post","status-publish","format-standard","hentry","category-geral"],"views":4127,"_links":{"self":[{"href":"https:\/\/www.politicosdosuldabahia.com.br\/v1\/wp-json\/wp\/v2\/posts\/85854"}],"collection":[{"href":"https:\/\/www.politicosdosuldabahia.com.br\/v1\/wp-json\/wp\/v2\/posts"}],"about":[{"href":"https:\/\/www.politicosdosuldabahia.com.br\/v1\/wp-json\/wp\/v2\/types\/post"}],"author":[{"embeddable":true,"href":"https:\/\/www.politicosdosuldabahia.com.br\/v1\/wp-json\/wp\/v2\/users\/2"}],"replies":[{"embeddable":true,"href":"https:\/\/www.politicosdosuldabahia.com.br\/v1\/wp-json\/wp\/v2\/comments?post=85854"}],"version-history":[{"count":1,"href":"https:\/\/www.politicosdosuldabahia.com.br\/v1\/wp-json\/wp\/v2\/posts\/85854\/revisions"}],"predecessor-version":[{"id":85856,"href":"https:\/\/www.politicosdosuldabahia.com.br\/v1\/wp-json\/wp\/v2\/posts\/85854\/revisions\/85856"}],"wp:attachment":[{"href":"https:\/\/www.politicosdosuldabahia.com.br\/v1\/wp-json\/wp\/v2\/media?parent=85854"}],"wp:term":[{"taxonomy":"category","embeddable":true,"href":"https:\/\/www.politicosdosuldabahia.com.br\/v1\/wp-json\/wp\/v2\/categories?post=85854"},{"taxonomy":"post_tag","embeddable":true,"href":"https:\/\/www.politicosdosuldabahia.com.br\/v1\/wp-json\/wp\/v2\/tags?post=85854"}],"curies":[{"name":"wp","href":"https:\/\/api.w.org\/{rel}","templated":true}]}}