
{"id":85744,"date":"2016-09-07T10:42:07","date_gmt":"2016-09-07T13:42:07","guid":{"rendered":"http:\/\/www.politicosdosuldabahia.com.br\/v1\/?p=85744"},"modified":"2016-09-07T10:43:21","modified_gmt":"2016-09-07T13:43:21","slug":"buerarema-ex-prefeito-orlando-lanca-filho-como-candidato-a-prefeito","status":"publish","type":"post","link":"https:\/\/www.politicosdosuldabahia.com.br\/v1\/2016\/09\/07\/buerarema-ex-prefeito-orlando-lanca-filho-como-candidato-a-prefeito\/","title":{"rendered":"BUERAREMA: EX-PREFEITO ORLANDO LAN\u00c7A FILHO COMO CANDIDATO A PREFEITO"},"content":{"rendered":"<p><img loading=\"lazy\" decoding=\"async\" class=\"aligncenter wp-image-85745\" src=\"http:\/\/www.politicosdosuldabahia.com.br\/v1\/wp-content\/uploads\/2016\/09\/orlando.jpg\" alt=\"orlando\" width=\"440\" height=\"440\" srcset=\"https:\/\/www.politicosdosuldabahia.com.br\/v1\/wp-content\/uploads\/2016\/09\/orlando.jpg 480w, https:\/\/www.politicosdosuldabahia.com.br\/v1\/wp-content\/uploads\/2016\/09\/orlando-150x150.jpg 150w, https:\/\/www.politicosdosuldabahia.com.br\/v1\/wp-content\/uploads\/2016\/09\/orlando-300x300.jpg 300w\" sizes=\"(max-width: 440px) 100vw, 440px\" \/><\/p>\n<h4 style=\"text-align: justify;\">O ex-prefeito de Buerarema, Orlando Filho (PSDB), realizou um evento na noite desta ter\u00e7a-feira (6) e anunciou que n\u00e3o vai recorrer da decis\u00e3o da justi\u00e7a eleitoral que indeferiu seu registro de candidatura a prefeito.<\/h4>\n<h4 style=\"text-align: justify;\">Orlando Filho decidir desistir da candidatura e lan\u00e7ou como candidato o seu filho Vinicius (PSDB). O mesmo \u00e9 um jovem advogado e j\u00e1 estava na espera caso o pai fosse impedido pela justi\u00e7a.<\/h4>\n<h4 style=\"text-align: justify;\">O evento superou a expectativa e lotou a pra\u00e7a e mostrou a for\u00e7a do grupo de Orlando Filho<\/h4>\n<p><img loading=\"lazy\" decoding=\"async\" class=\"aligncenter wp-image-85747\" src=\"http:\/\/www.politicosdosuldabahia.com.br\/v1\/wp-content\/uploads\/2016\/09\/bue.jpg\" alt=\"bue\" width=\"455\" height=\"256\" srcset=\"https:\/\/www.politicosdosuldabahia.com.br\/v1\/wp-content\/uploads\/2016\/09\/bue.jpg 720w, https:\/\/www.politicosdosuldabahia.com.br\/v1\/wp-content\/uploads\/2016\/09\/bue-300x169.jpg 300w\" sizes=\"(max-width: 455px) 100vw, 455px\" \/><\/p>\n","protected":false},"excerpt":{"rendered":"<p>O ex-prefeito de Buerarema, Orlando Filho (PSDB), realizou um evento na noite desta ter\u00e7a-feira (6) e anunciou que n\u00e3o vai recorrer da decis\u00e3o da justi\u00e7a eleitoral que indeferiu seu registro de candidatura a prefeito. Orlando Filho decidir desistir da candidatura e lan\u00e7ou como candidato o seu filho Vinicius (PSDB). O mesmo \u00e9 um jovem advogado [&hellip;]<\/p>\n","protected":false},"author":2,"featured_media":85745,"comment_status":"open","ping_status":"open","sticky":false,"template":"","format":"standard","meta":{"footnotes":"","_links_to":"","_links_to_target":""},"categories":[23,1],"tags":[],"class_list":["post-85744","post","type-post","status-publish","format-standard","has-post-thumbnail","hentry","category-destaque1","category-geral"],"views":4402,"_links":{"self":[{"href":"https:\/\/www.politicosdosuldabahia.com.br\/v1\/wp-json\/wp\/v2\/posts\/85744"}],"collection":[{"href":"https:\/\/www.politicosdosuldabahia.com.br\/v1\/wp-json\/wp\/v2\/posts"}],"about":[{"href":"https:\/\/www.politicosdosuldabahia.com.br\/v1\/wp-json\/wp\/v2\/types\/post"}],"author":[{"embeddable":true,"href":"https:\/\/www.politicosdosuldabahia.com.br\/v1\/wp-json\/wp\/v2\/users\/2"}],"replies":[{"embeddable":true,"href":"https:\/\/www.politicosdosuldabahia.com.br\/v1\/wp-json\/wp\/v2\/comments?post=85744"}],"version-history":[{"count":2,"href":"https:\/\/www.politicosdosuldabahia.com.br\/v1\/wp-json\/wp\/v2\/posts\/85744\/revisions"}],"predecessor-version":[{"id":85749,"href":"https:\/\/www.politicosdosuldabahia.com.br\/v1\/wp-json\/wp\/v2\/posts\/85744\/revisions\/85749"}],"wp:featuredmedia":[{"embeddable":true,"href":"https:\/\/www.politicosdosuldabahia.com.br\/v1\/wp-json\/wp\/v2\/media\/85745"}],"wp:attachment":[{"href":"https:\/\/www.politicosdosuldabahia.com.br\/v1\/wp-json\/wp\/v2\/media?parent=85744"}],"wp:term":[{"taxonomy":"category","embeddable":true,"href":"https:\/\/www.politicosdosuldabahia.com.br\/v1\/wp-json\/wp\/v2\/categories?post=85744"},{"taxonomy":"post_tag","embeddable":true,"href":"https:\/\/www.politicosdosuldabahia.com.br\/v1\/wp-json\/wp\/v2\/tags?post=85744"}],"curies":[{"name":"wp","href":"https:\/\/api.w.org\/{rel}","templated":true}]}}