
{"id":85729,"date":"2016-09-06T16:42:47","date_gmt":"2016-09-06T19:42:47","guid":{"rendered":"http:\/\/www.politicosdosuldabahia.com.br\/v1\/?p=85729"},"modified":"2016-09-07T10:45:24","modified_gmt":"2016-09-07T13:45:24","slug":"ibicarai-justica-indefere-registro-de-candidatura-de-monalisa","status":"publish","type":"post","link":"https:\/\/www.politicosdosuldabahia.com.br\/v1\/2016\/09\/06\/ibicarai-justica-indefere-registro-de-candidatura-de-monalisa\/","title":{"rendered":"IBICARAI: JUSTI\u00c7A INDEFERE REGISTRO DE CANDIDATURA DE MONALISA"},"content":{"rendered":"<p><img loading=\"lazy\" decoding=\"async\" class=\"aligncenter wp-image-85670\" src=\"http:\/\/www.politicosdosuldabahia.com.br\/v1\/wp-content\/uploads\/2016\/09\/monali.jpg\" alt=\"monali\" width=\"448\" height=\"372\" srcset=\"https:\/\/www.politicosdosuldabahia.com.br\/v1\/wp-content\/uploads\/2016\/09\/monali.jpg 490w, https:\/\/www.politicosdosuldabahia.com.br\/v1\/wp-content\/uploads\/2016\/09\/monali-300x249.jpg 300w\" sizes=\"(max-width: 448px) 100vw, 448px\" \/><\/p>\n<h4 style=\"text-align: justify;\">A m\u00e9dica e candidata a prefeita de Ibicara\u00ed, Monalisa Tavares (PMDB), teve sua candidatura indeferida pelo juiz Alysson Camilo Floriano da Silva, nesta ter\u00e7a-feira (6).<\/h4>\n<h4 style=\"text-align: justify;\">O pedido de impugna\u00e7\u00e3o de sua candidatura foi formulado pelo o Minist\u00e9rio P\u00fablico Eleitoral, fudamentos de que a candidata impugnada, na condi\u00e7\u00e3o de prefeita, teve duas contas julgadas irregulares pela c\u00e2mara de vereadores.<\/h4>\n<h4 style=\"text-align: justify;\">Monalisa Tavares tinha conseguido uma liminar que suspendeu as duas rejei\u00e7\u00f5es, mas o magistrado n\u00e3o reconheceu e negou o registro de candidatura.<\/h4>\n<p><img loading=\"lazy\" decoding=\"async\" class=\"aligncenter wp-image-85730\" src=\"http:\/\/www.politicosdosuldabahia.com.br\/v1\/wp-content\/uploads\/2016\/09\/monalis.jpg\" alt=\"monalis\" width=\"440\" height=\"532\" srcset=\"https:\/\/www.politicosdosuldabahia.com.br\/v1\/wp-content\/uploads\/2016\/09\/monalis.jpg 540w, https:\/\/www.politicosdosuldabahia.com.br\/v1\/wp-content\/uploads\/2016\/09\/monalis-248x300.jpg 248w\" sizes=\"(max-width: 440px) 100vw, 440px\" \/><\/p>\n","protected":false},"excerpt":{"rendered":"<p>A m\u00e9dica e candidata a prefeita de Ibicara\u00ed, Monalisa Tavares (PMDB), teve sua candidatura indeferida pelo juiz Alysson Camilo Floriano da Silva, nesta ter\u00e7a-feira (6). O pedido de impugna\u00e7\u00e3o de sua candidatura foi formulado pelo o Minist\u00e9rio P\u00fablico Eleitoral, fudamentos de que a candidata impugnada, na condi\u00e7\u00e3o de prefeita, teve duas contas julgadas irregulares pela [&hellip;]<\/p>\n","protected":false},"author":2,"featured_media":85670,"comment_status":"open","ping_status":"open","sticky":false,"template":"","format":"standard","meta":{"footnotes":"","_links_to":"","_links_to_target":""},"categories":[24,1],"tags":[],"class_list":["post-85729","post","type-post","status-publish","format-standard","has-post-thumbnail","hentry","category-destaque2","category-geral"],"views":7612,"_links":{"self":[{"href":"https:\/\/www.politicosdosuldabahia.com.br\/v1\/wp-json\/wp\/v2\/posts\/85729"}],"collection":[{"href":"https:\/\/www.politicosdosuldabahia.com.br\/v1\/wp-json\/wp\/v2\/posts"}],"about":[{"href":"https:\/\/www.politicosdosuldabahia.com.br\/v1\/wp-json\/wp\/v2\/types\/post"}],"author":[{"embeddable":true,"href":"https:\/\/www.politicosdosuldabahia.com.br\/v1\/wp-json\/wp\/v2\/users\/2"}],"replies":[{"embeddable":true,"href":"https:\/\/www.politicosdosuldabahia.com.br\/v1\/wp-json\/wp\/v2\/comments?post=85729"}],"version-history":[{"count":1,"href":"https:\/\/www.politicosdosuldabahia.com.br\/v1\/wp-json\/wp\/v2\/posts\/85729\/revisions"}],"predecessor-version":[{"id":85731,"href":"https:\/\/www.politicosdosuldabahia.com.br\/v1\/wp-json\/wp\/v2\/posts\/85729\/revisions\/85731"}],"wp:featuredmedia":[{"embeddable":true,"href":"https:\/\/www.politicosdosuldabahia.com.br\/v1\/wp-json\/wp\/v2\/media\/85670"}],"wp:attachment":[{"href":"https:\/\/www.politicosdosuldabahia.com.br\/v1\/wp-json\/wp\/v2\/media?parent=85729"}],"wp:term":[{"taxonomy":"category","embeddable":true,"href":"https:\/\/www.politicosdosuldabahia.com.br\/v1\/wp-json\/wp\/v2\/categories?post=85729"},{"taxonomy":"post_tag","embeddable":true,"href":"https:\/\/www.politicosdosuldabahia.com.br\/v1\/wp-json\/wp\/v2\/tags?post=85729"}],"curies":[{"name":"wp","href":"https:\/\/api.w.org\/{rel}","templated":true}]}}