
{"id":85583,"date":"2016-08-29T19:07:40","date_gmt":"2016-08-29T22:07:40","guid":{"rendered":"http:\/\/www.politicosdosuldabahia.com.br\/v1\/?p=85583"},"modified":"2016-08-29T19:22:50","modified_gmt":"2016-08-29T22:22:50","slug":"urucuca-gerente-da-embasa-foi-transferido-por-perseguicao-politica","status":"publish","type":"post","link":"https:\/\/www.politicosdosuldabahia.com.br\/v1\/2016\/08\/29\/urucuca-gerente-da-embasa-foi-transferido-por-perseguicao-politica\/","title":{"rendered":"URU\u00c7UCA: GERENTE DA EMBASA FOI TRANSFERIDO POR PERSEGUI\u00c7\u00c3O POL\u00cdTICA"},"content":{"rendered":"<p><img loading=\"lazy\" decoding=\"async\" class=\"aligncenter wp-image-85588\" src=\"http:\/\/www.politicosdosuldabahia.com.br\/v1\/wp-content\/uploads\/2016\/08\/uuuuuuuuuuu.jpg\" alt=\"uuuuuuuuuuu\" width=\"400\" height=\"269\" srcset=\"https:\/\/www.politicosdosuldabahia.com.br\/v1\/wp-content\/uploads\/2016\/08\/uuuuuuuuuuu.jpg 500w, https:\/\/www.politicosdosuldabahia.com.br\/v1\/wp-content\/uploads\/2016\/08\/uuuuuuuuuuu-300x202.jpg 300w\" sizes=\"(max-width: 400px) 100vw, 400px\" \/><\/p>\n<p>&nbsp;<\/p>\n<h4 style=\"text-align: justify;\">Nesta segunda-feira aconteceu algo t\u00edpico dos tempos dos coron\u00e9is do cacau em Uru\u00e7uca. O gerente do escrit\u00f3rio da EMBASA, Jos\u00e9 Carlos, foi exonerado do cargo e transferido para o escrit\u00f3rio de Itacar\u00e9.<\/h4>\n<h4 style=\"text-align: justify;\">Segundo informa\u00e7\u00f5es, Jos\u00e9 Carlos foi vitima de persegui\u00e7\u00e3o pol\u00edtica, j\u00e1 que ele fazia mensalmente uma confraterniza\u00e7\u00e3o entre os funcion\u00e1rios da EMBASA.<\/h4>\n<h4 style=\"text-align: justify;\">No final do m\u00eas de junho durante a festa o candidato a prefeito Moacyr Leite (DEM), estava passando na rua e resolveu parar e conversar com o pessoal.<\/h4>\n<h4 style=\"text-align: justify;\">Isso foi o suficiente para a turma do governo municipal solicitar do presidente da EMBASA, Rog\u00e9rio Cedraz, a transfer\u00eancia de Jos\u00e9 Carlos do cargo.<\/h4>\n<h4 style=\"text-align: justify;\">Vale lembrar que Jos\u00e9 Carlos \u00e9 funcion\u00e1rio de carreira e petista de carteirinha, mas depois dessa atitude, muito provavelmente dever\u00e1 ficar bastante decepcionado com o partido.<\/h4>\n<p><img loading=\"lazy\" decoding=\"async\" class=\"aligncenter wp-image-85585\" src=\"http:\/\/www.politicosdosuldabahia.com.br\/v1\/wp-content\/uploads\/2016\/08\/embasa.jpg\" alt=\"embasa\" width=\"400\" height=\"435\" srcset=\"https:\/\/www.politicosdosuldabahia.com.br\/v1\/wp-content\/uploads\/2016\/08\/embasa.jpg 450w, https:\/\/www.politicosdosuldabahia.com.br\/v1\/wp-content\/uploads\/2016\/08\/embasa-276x300.jpg 276w\" sizes=\"(max-width: 400px) 100vw, 400px\" \/><\/p>\n","protected":false},"excerpt":{"rendered":"<p>&nbsp; Nesta segunda-feira aconteceu algo t\u00edpico dos tempos dos coron\u00e9is do cacau em Uru\u00e7uca. O gerente do escrit\u00f3rio da EMBASA, Jos\u00e9 Carlos, foi exonerado do cargo e transferido para o escrit\u00f3rio de Itacar\u00e9. Segundo informa\u00e7\u00f5es, Jos\u00e9 Carlos foi vitima de persegui\u00e7\u00e3o pol\u00edtica, j\u00e1 que ele fazia mensalmente uma confraterniza\u00e7\u00e3o entre os funcion\u00e1rios da EMBASA. No [&hellip;]<\/p>\n","protected":false},"author":2,"featured_media":85588,"comment_status":"open","ping_status":"open","sticky":false,"template":"","format":"standard","meta":{"footnotes":"","_links_to":"","_links_to_target":""},"categories":[23,24,1],"tags":[],"class_list":["post-85583","post","type-post","status-publish","format-standard","has-post-thumbnail","hentry","category-destaque1","category-destaque2","category-geral"],"views":3507,"_links":{"self":[{"href":"https:\/\/www.politicosdosuldabahia.com.br\/v1\/wp-json\/wp\/v2\/posts\/85583"}],"collection":[{"href":"https:\/\/www.politicosdosuldabahia.com.br\/v1\/wp-json\/wp\/v2\/posts"}],"about":[{"href":"https:\/\/www.politicosdosuldabahia.com.br\/v1\/wp-json\/wp\/v2\/types\/post"}],"author":[{"embeddable":true,"href":"https:\/\/www.politicosdosuldabahia.com.br\/v1\/wp-json\/wp\/v2\/users\/2"}],"replies":[{"embeddable":true,"href":"https:\/\/www.politicosdosuldabahia.com.br\/v1\/wp-json\/wp\/v2\/comments?post=85583"}],"version-history":[{"count":4,"href":"https:\/\/www.politicosdosuldabahia.com.br\/v1\/wp-json\/wp\/v2\/posts\/85583\/revisions"}],"predecessor-version":[{"id":85590,"href":"https:\/\/www.politicosdosuldabahia.com.br\/v1\/wp-json\/wp\/v2\/posts\/85583\/revisions\/85590"}],"wp:featuredmedia":[{"embeddable":true,"href":"https:\/\/www.politicosdosuldabahia.com.br\/v1\/wp-json\/wp\/v2\/media\/85588"}],"wp:attachment":[{"href":"https:\/\/www.politicosdosuldabahia.com.br\/v1\/wp-json\/wp\/v2\/media?parent=85583"}],"wp:term":[{"taxonomy":"category","embeddable":true,"href":"https:\/\/www.politicosdosuldabahia.com.br\/v1\/wp-json\/wp\/v2\/categories?post=85583"},{"taxonomy":"post_tag","embeddable":true,"href":"https:\/\/www.politicosdosuldabahia.com.br\/v1\/wp-json\/wp\/v2\/tags?post=85583"}],"curies":[{"name":"wp","href":"https:\/\/api.w.org\/{rel}","templated":true}]}}