
{"id":85539,"date":"2016-08-27T08:23:59","date_gmt":"2016-08-27T11:23:59","guid":{"rendered":"http:\/\/www.politicosdosuldabahia.com.br\/v1\/?p=85539"},"modified":"2016-08-29T19:24:55","modified_gmt":"2016-08-29T22:24:55","slug":"renato-costa-me-recuso-a-ter-qualquer-tipo-de-conversa-com-pedro-arnaldo","status":"publish","type":"post","link":"https:\/\/www.politicosdosuldabahia.com.br\/v1\/2016\/08\/27\/renato-costa-me-recuso-a-ter-qualquer-tipo-de-conversa-com-pedro-arnaldo\/","title":{"rendered":"RENATO COSTA: \u201cME RECUSO A TER QUALQUER TIPO DE CONVERSA COM PEDRO ARNALDO\u201d"},"content":{"rendered":"<p><img loading=\"lazy\" decoding=\"async\" class=\"aligncenter wp-image-85301\" src=\"http:\/\/www.politicosdosuldabahia.com.br\/v1\/wp-content\/uploads\/2016\/08\/Renato-costa1.jpg\" alt=\"Renato-costa1\" width=\"455\" height=\"544\" srcset=\"https:\/\/www.politicosdosuldabahia.com.br\/v1\/wp-content\/uploads\/2016\/08\/Renato-costa1.jpg 316w, https:\/\/www.politicosdosuldabahia.com.br\/v1\/wp-content\/uploads\/2016\/08\/Renato-costa1-251x300.jpg 251w\" sizes=\"(max-width: 455px) 100vw, 455px\" \/><\/p>\n<h4 style=\"text-align: justify;\">Do jornal \u201c Di\u00e1rio Bahia\u201d<\/h4>\n<h4 style=\"text-align: justify;\">O m\u00e9dico Renato Costa, ap\u00f3s 12 anos de filia\u00e7\u00e3o ao PMDB dos irm\u00e3os Vieira Lima, pediu para sair da sigla esta semana e disse que \u00e9 uma decis\u00e3o \u201cbem pensada e irrevers\u00edvel\u201d. Ex-presidente do diret\u00f3rio local, ele j\u00e1 foi deputado estadual em dois mandatos, vice-prefeito de Itabuna e era apontado entre as principais lideran\u00e7as da legenda na cidade. No momento, por\u00e9m, considera que foi alvo de mal-entendidos, nos quais n\u00e3o teve a chance de se defender e se sentia \u201cpersona non grata\u201d.<\/h4>\n<h4 style=\"text-align: justify;\">O ex-peemedebista disse, ainda, que \u00e9 simp\u00e1tico \u00e0 candidatura de Augusto Castro (PSDB) a prefeito e recomendar\u00e1 tal nome aos seus amigos. \u201cMas esse n\u00e3o foi o motivo da minha sa\u00edda. Eu defendi Augusto, seria muita pretens\u00e3o minha querer impor isso; no partido, alguns apoiavam Fernando Gomes, outros Azevedo. N\u00e3o foi pelo que eles decidiram, o problema foi a forma como conduziram isso, como levaram isso pra Salvador\u201d,<\/h4>\n<h4 style=\"text-align: justify;\">Para Dr. Renato, o estopim das diverg\u00eancias foi uma conversa que chegou ao presidente estadual do PMDB, L\u00facio Vieira Lima, dando conta de que o m\u00e9dico teria convocado reuni\u00e3o da executiva municipal (sem ser mais presidente) e dado entrevista coletiva falando pelo partido. Era o per\u00edodo das articula\u00e7\u00f5es e posicionamentos para definir com quem seria formada alian\u00e7a para a sucess\u00e3o municipal.<\/h4>\n<h4 style=\"text-align: justify;\">\u201cPedro Arnaldo [presidente do diret\u00f3rio, indicado por Costa] levou isso pra L\u00facio e [Fernando] Vita, que estava presente, ficou calado. Eu nunca dei entrevista, nem convoquei reuni\u00e3o; apenas compareci a uma reuni\u00e3o, para acalmar os vereadores. A coisa foi muito desonesta, maldosa, perversa. Me recuso a ter qualquer tipo de conversa com ele (Pedro), porque foi criado um constrangimento pra mim; n\u00e3o tive outra op\u00e7\u00e3o, a n\u00e3o ser sair\u201d, declarou ao Di\u00e1rio Bahia, visivelmente magoado.<\/h4>\n<h4 style=\"text-align: justify;\">Segundo ele, n\u00e3o quer filiar-se a outra legenda (pelo menos, n\u00e3o agora, como deixou nas entrelinhas). \u201cEm pol\u00edtica, s\u00f3 posso dizer \u2018n\u00e3o pretendo\u2019\u201d, ressalvou. Al\u00e9m disso, garantiu, n\u00e3o vai estimular a sa\u00edda de ex-correligion\u00e1rios.<\/h4>\n","protected":false},"excerpt":{"rendered":"<p>Do jornal \u201c Di\u00e1rio Bahia\u201d O m\u00e9dico Renato Costa, ap\u00f3s 12 anos de filia\u00e7\u00e3o ao PMDB dos irm\u00e3os Vieira Lima, pediu para sair da sigla esta semana e disse que \u00e9 uma decis\u00e3o \u201cbem pensada e irrevers\u00edvel\u201d. Ex-presidente do diret\u00f3rio local, ele j\u00e1 foi deputado estadual em dois mandatos, vice-prefeito de Itabuna e era apontado [&hellip;]<\/p>\n","protected":false},"author":2,"featured_media":85301,"comment_status":"open","ping_status":"open","sticky":false,"template":"","format":"standard","meta":{"footnotes":"","_links_to":"","_links_to_target":""},"categories":[23,25],"tags":[],"class_list":["post-85539","post","type-post","status-publish","format-standard","has-post-thumbnail","hentry","category-destaque1","category-destaque3"],"views":2269,"_links":{"self":[{"href":"https:\/\/www.politicosdosuldabahia.com.br\/v1\/wp-json\/wp\/v2\/posts\/85539"}],"collection":[{"href":"https:\/\/www.politicosdosuldabahia.com.br\/v1\/wp-json\/wp\/v2\/posts"}],"about":[{"href":"https:\/\/www.politicosdosuldabahia.com.br\/v1\/wp-json\/wp\/v2\/types\/post"}],"author":[{"embeddable":true,"href":"https:\/\/www.politicosdosuldabahia.com.br\/v1\/wp-json\/wp\/v2\/users\/2"}],"replies":[{"embeddable":true,"href":"https:\/\/www.politicosdosuldabahia.com.br\/v1\/wp-json\/wp\/v2\/comments?post=85539"}],"version-history":[{"count":1,"href":"https:\/\/www.politicosdosuldabahia.com.br\/v1\/wp-json\/wp\/v2\/posts\/85539\/revisions"}],"predecessor-version":[{"id":85540,"href":"https:\/\/www.politicosdosuldabahia.com.br\/v1\/wp-json\/wp\/v2\/posts\/85539\/revisions\/85540"}],"wp:featuredmedia":[{"embeddable":true,"href":"https:\/\/www.politicosdosuldabahia.com.br\/v1\/wp-json\/wp\/v2\/media\/85301"}],"wp:attachment":[{"href":"https:\/\/www.politicosdosuldabahia.com.br\/v1\/wp-json\/wp\/v2\/media?parent=85539"}],"wp:term":[{"taxonomy":"category","embeddable":true,"href":"https:\/\/www.politicosdosuldabahia.com.br\/v1\/wp-json\/wp\/v2\/categories?post=85539"},{"taxonomy":"post_tag","embeddable":true,"href":"https:\/\/www.politicosdosuldabahia.com.br\/v1\/wp-json\/wp\/v2\/tags?post=85539"}],"curies":[{"name":"wp","href":"https:\/\/api.w.org\/{rel}","templated":true}]}}