
{"id":85282,"date":"2016-08-16T07:11:23","date_gmt":"2016-08-16T10:11:23","guid":{"rendered":"http:\/\/www.politicosdosuldabahia.com.br\/v1\/?p=85282"},"modified":"2016-08-16T22:55:29","modified_gmt":"2016-08-17T01:55:29","slug":"itabuna-rui-defende-uniao-de-esforcos-para-solucionar-abastecimento-de-agua","status":"publish","type":"post","link":"https:\/\/www.politicosdosuldabahia.com.br\/v1\/2016\/08\/16\/itabuna-rui-defende-uniao-de-esforcos-para-solucionar-abastecimento-de-agua\/","title":{"rendered":"ITABUNA: RUI DEFENDE UNI\u00c3O DE ESFOR\u00c7OS PARA SOLUCIONAR ABASTECIMENTO DE \u00c1GUA"},"content":{"rendered":"<p><img loading=\"lazy\" decoding=\"async\" class=\"aligncenter wp-image-85283\" src=\"http:\/\/www.politicosdosuldabahia.com.br\/v1\/wp-content\/uploads\/2016\/08\/vava.jpg\" alt=\"vava\" width=\"455\" height=\"303\" srcset=\"https:\/\/www.politicosdosuldabahia.com.br\/v1\/wp-content\/uploads\/2016\/08\/vava.jpg 951w, https:\/\/www.politicosdosuldabahia.com.br\/v1\/wp-content\/uploads\/2016\/08\/vava-300x200.jpg 300w, https:\/\/www.politicosdosuldabahia.com.br\/v1\/wp-content\/uploads\/2016\/08\/vava-768x512.jpg 768w\" sizes=\"(max-width: 455px) 100vw, 455px\" \/><\/p>\n<h4 style=\"text-align: justify;\">\u201cVamos formar de imediato um grupo de trabalho com participa\u00e7\u00e3o de membros da Prefeitura de Itabuna, Minist\u00e9rio P\u00fablico Estadual, Minist\u00e9rio P\u00fablico Federal, Embasa e Emasa para analisar o Plano de Saneamento de Itabuna e possibilitar a transfer\u00eancia para o Estado do abastecimento de \u00e1gua na cidade, que atualmente \u00e9 feito pelo munic\u00edpio\u201d.<\/h4>\n<h4 style=\"text-align: justify;\">A decis\u00e3o do governador Rui Costa foi tomada em reuni\u00e3o nesta segunda-feira (15), na Governadoria, em Salvador, com os representantes de todos os \u00f3rg\u00e3os envolvidos na solu\u00e7\u00e3o do abastecimento de \u00e1gua em Itabuna.<\/h4>\n<h4 style=\"text-align: justify;\">O Estado s\u00f3 pode assumir o fornecimento de \u00e1gua da cidade ap\u00f3s os ajustes do Plano de Saneamento, como quest\u00f5es relativas \u00e0 validade jur\u00eddica. A partir de ent\u00e3o, a Embasa assina contrato com as defini\u00e7\u00f5es das a\u00e7\u00f5es emergenciais e o volume de investimentos.<\/h4>\n<h4 style=\"text-align: justify;\">Mesmo antes de assumir formalmente o abastecimento de \u00e1gua, o governo estadual j\u00e1 investiu cerca de R$ 10 milh\u00f5es na cidade, entre constru\u00e7\u00e3o de cisternas, po\u00e7os, carros-pipa, al\u00e9m de repasse direto do dinheiro para o munic\u00edpio.<\/h4>\n","protected":false},"excerpt":{"rendered":"<p>\u201cVamos formar de imediato um grupo de trabalho com participa\u00e7\u00e3o de membros da Prefeitura de Itabuna, Minist\u00e9rio P\u00fablico Estadual, Minist\u00e9rio P\u00fablico Federal, Embasa e Emasa para analisar o Plano de Saneamento de Itabuna e possibilitar a transfer\u00eancia para o Estado do abastecimento de \u00e1gua na cidade, que atualmente \u00e9 feito pelo munic\u00edpio\u201d. A decis\u00e3o do [&hellip;]<\/p>\n","protected":false},"author":2,"featured_media":85283,"comment_status":"open","ping_status":"open","sticky":false,"template":"","format":"standard","meta":{"footnotes":"","_links_to":"","_links_to_target":""},"categories":[24,1],"tags":[],"class_list":["post-85282","post","type-post","status-publish","format-standard","has-post-thumbnail","hentry","category-destaque2","category-geral"],"views":1137,"_links":{"self":[{"href":"https:\/\/www.politicosdosuldabahia.com.br\/v1\/wp-json\/wp\/v2\/posts\/85282"}],"collection":[{"href":"https:\/\/www.politicosdosuldabahia.com.br\/v1\/wp-json\/wp\/v2\/posts"}],"about":[{"href":"https:\/\/www.politicosdosuldabahia.com.br\/v1\/wp-json\/wp\/v2\/types\/post"}],"author":[{"embeddable":true,"href":"https:\/\/www.politicosdosuldabahia.com.br\/v1\/wp-json\/wp\/v2\/users\/2"}],"replies":[{"embeddable":true,"href":"https:\/\/www.politicosdosuldabahia.com.br\/v1\/wp-json\/wp\/v2\/comments?post=85282"}],"version-history":[{"count":1,"href":"https:\/\/www.politicosdosuldabahia.com.br\/v1\/wp-json\/wp\/v2\/posts\/85282\/revisions"}],"predecessor-version":[{"id":85284,"href":"https:\/\/www.politicosdosuldabahia.com.br\/v1\/wp-json\/wp\/v2\/posts\/85282\/revisions\/85284"}],"wp:featuredmedia":[{"embeddable":true,"href":"https:\/\/www.politicosdosuldabahia.com.br\/v1\/wp-json\/wp\/v2\/media\/85283"}],"wp:attachment":[{"href":"https:\/\/www.politicosdosuldabahia.com.br\/v1\/wp-json\/wp\/v2\/media?parent=85282"}],"wp:term":[{"taxonomy":"category","embeddable":true,"href":"https:\/\/www.politicosdosuldabahia.com.br\/v1\/wp-json\/wp\/v2\/categories?post=85282"},{"taxonomy":"post_tag","embeddable":true,"href":"https:\/\/www.politicosdosuldabahia.com.br\/v1\/wp-json\/wp\/v2\/tags?post=85282"}],"curies":[{"name":"wp","href":"https:\/\/api.w.org\/{rel}","templated":true}]}}