
{"id":85208,"date":"2016-08-11T17:43:03","date_gmt":"2016-08-11T20:43:03","guid":{"rendered":"http:\/\/www.politicosdosuldabahia.com.br\/v1\/?p=85208"},"modified":"2016-08-11T17:44:12","modified_gmt":"2016-08-11T20:44:12","slug":"itajuipe-vice-prefeito-e-multado-por-nao-apresentar-dados-da-gestao","status":"publish","type":"post","link":"https:\/\/www.politicosdosuldabahia.com.br\/v1\/2016\/08\/11\/itajuipe-vice-prefeito-e-multado-por-nao-apresentar-dados-da-gestao\/","title":{"rendered":"ITAJU\u00cdPE: VICE- PREFEITO  \u00c9 MULTADO POR N\u00c3O APRESENTAR DADOS DA GEST\u00c3O"},"content":{"rendered":"<p><img loading=\"lazy\" decoding=\"async\" class=\"aligncenter wp-image-85209\" src=\"http:\/\/www.politicosdosuldabahia.com.br\/v1\/wp-content\/uploads\/2016\/08\/jorge-1.jpg\" alt=\"jorge\" width=\"455\" height=\"341\" srcset=\"https:\/\/www.politicosdosuldabahia.com.br\/v1\/wp-content\/uploads\/2016\/08\/jorge-1.jpg 640w, https:\/\/www.politicosdosuldabahia.com.br\/v1\/wp-content\/uploads\/2016\/08\/jorge-1-300x225.jpg 300w\" sizes=\"(max-width: 455px) 100vw, 455px\" \/><\/p>\n<h4 style=\"text-align: justify;\">Na sess\u00e3o desta quinta-feira (11\/08), o Tribunal de Contas dos Munic\u00edpios votou pela proced\u00eancia do termo de ocorr\u00eancia lavrado contra o vice-prefeito de Itaju\u00edpe, Ant\u00f4nio Jorge (PSB), que quando assumiu o cargo em 2015 n\u00e3o prestou contas dos dados de gest\u00e3o relativos aos meses de agosto e setembro do exerc\u00edcio.<\/h4>\n<h4 style=\"text-align: justify;\">Pela irregularidade, o relator do processo, conselheiro Fernando Vita, multou o gestor em R$1.500,00.<\/h4>\n<h4 style=\"text-align: justify;\">A relatoria comprovou que, no per\u00edodo de agosto a setembro de 2015, a administra\u00e7\u00e3o municipal n\u00e3o encaminhou a documenta\u00e7\u00e3o de receita e despesa, bem como n\u00e3o providenciou a inser\u00e7\u00e3o dos dados da gest\u00e3o municipal no sistema SIGA do TCM, descumprindo os dispositivos das Resolu\u00e7\u00f5es TCM n\u00bas 1060\/05 e 1282\/09.<\/h4>\n","protected":false},"excerpt":{"rendered":"<p>Na sess\u00e3o desta quinta-feira (11\/08), o Tribunal de Contas dos Munic\u00edpios votou pela proced\u00eancia do termo de ocorr\u00eancia lavrado contra o vice-prefeito de Itaju\u00edpe, Ant\u00f4nio Jorge (PSB), que quando assumiu o cargo em 2015 n\u00e3o prestou contas dos dados de gest\u00e3o relativos aos meses de agosto e setembro do exerc\u00edcio. Pela irregularidade, o relator do [&hellip;]<\/p>\n","protected":false},"author":2,"featured_media":85209,"comment_status":"open","ping_status":"open","sticky":false,"template":"","format":"standard","meta":{"footnotes":"","_links_to":"","_links_to_target":""},"categories":[23,1],"tags":[],"class_list":["post-85208","post","type-post","status-publish","format-standard","has-post-thumbnail","hentry","category-destaque1","category-geral"],"views":1287,"_links":{"self":[{"href":"https:\/\/www.politicosdosuldabahia.com.br\/v1\/wp-json\/wp\/v2\/posts\/85208"}],"collection":[{"href":"https:\/\/www.politicosdosuldabahia.com.br\/v1\/wp-json\/wp\/v2\/posts"}],"about":[{"href":"https:\/\/www.politicosdosuldabahia.com.br\/v1\/wp-json\/wp\/v2\/types\/post"}],"author":[{"embeddable":true,"href":"https:\/\/www.politicosdosuldabahia.com.br\/v1\/wp-json\/wp\/v2\/users\/2"}],"replies":[{"embeddable":true,"href":"https:\/\/www.politicosdosuldabahia.com.br\/v1\/wp-json\/wp\/v2\/comments?post=85208"}],"version-history":[{"count":1,"href":"https:\/\/www.politicosdosuldabahia.com.br\/v1\/wp-json\/wp\/v2\/posts\/85208\/revisions"}],"predecessor-version":[{"id":85210,"href":"https:\/\/www.politicosdosuldabahia.com.br\/v1\/wp-json\/wp\/v2\/posts\/85208\/revisions\/85210"}],"wp:featuredmedia":[{"embeddable":true,"href":"https:\/\/www.politicosdosuldabahia.com.br\/v1\/wp-json\/wp\/v2\/media\/85209"}],"wp:attachment":[{"href":"https:\/\/www.politicosdosuldabahia.com.br\/v1\/wp-json\/wp\/v2\/media?parent=85208"}],"wp:term":[{"taxonomy":"category","embeddable":true,"href":"https:\/\/www.politicosdosuldabahia.com.br\/v1\/wp-json\/wp\/v2\/categories?post=85208"},{"taxonomy":"post_tag","embeddable":true,"href":"https:\/\/www.politicosdosuldabahia.com.br\/v1\/wp-json\/wp\/v2\/tags?post=85208"}],"curies":[{"name":"wp","href":"https:\/\/api.w.org\/{rel}","templated":true}]}}