
{"id":85089,"date":"2016-08-06T15:55:28","date_gmt":"2016-08-06T18:55:28","guid":{"rendered":"http:\/\/www.politicosdosuldabahia.com.br\/v1\/?p=85089"},"modified":"2016-08-06T20:48:25","modified_gmt":"2016-08-06T23:48:25","slug":"itororo-adroaldo-e-rubinho-realizam-convencao","status":"publish","type":"post","link":"https:\/\/www.politicosdosuldabahia.com.br\/v1\/2016\/08\/06\/itororo-adroaldo-e-rubinho-realizam-convencao\/","title":{"rendered":"ITOROR\u00d3: ADROALDO E RUBINHO REALIZAM CONVEN\u00c7\u00c3O"},"content":{"rendered":"<p><img loading=\"lazy\" decoding=\"async\" class=\"aligncenter wp-image-85090\" src=\"http:\/\/www.politicosdosuldabahia.com.br\/v1\/wp-content\/uploads\/2016\/08\/adr.jpeg\" alt=\"adr\" width=\"455\" height=\"273\" srcset=\"https:\/\/www.politicosdosuldabahia.com.br\/v1\/wp-content\/uploads\/2016\/08\/adr.jpeg 640w, https:\/\/www.politicosdosuldabahia.com.br\/v1\/wp-content\/uploads\/2016\/08\/adr-300x180.jpeg 300w\" sizes=\"(max-width: 455px) 100vw, 455px\" \/><\/p>\n<h4 style=\"text-align: justify;\">Aconteceu na noite desta sexta-feira (5) a Conven\u00e7\u00e3o Municipal do PT e os partidos aliados (PCdoB, PSB, PRP, PRB, PP, PSL e PTN), que juntos formaram a coliga\u00e7\u00e3o &#8220;Itoror\u00f3 vai voltar a crescer&#8221;. Os partidos homologaram os nomes do ex. prefeito Adroaldo Almeida (PT) como candidato a prefeito, do radialista Rubinho Cordeiro (PCdoB), candidato a vice-prefeito e de 22 candidatos a vereador.<\/h4>\n<h4 style=\"text-align: justify;\">Mesmo com forte chuva, os convencionais e os apoiadores de Adroaldo e Rubinho lotaram o diret\u00f3rio municipal do PT e o lado de fora da rua em clima de vit\u00f3ria. O deputado estadual Rosemberg Pinto (PT) esteve presente e fez uma fala apoiando a dupla e reafirmando o compromisso do governador Rui Costa (PT), do vice-governador Jo\u00e3o Le\u00e3o (PP) e os senadores Otto (PSD) e L\u00eddice (PSB) com a candidatura do petista.<\/h4>\n<h4 style=\"text-align: justify;\">&#8220;Itoror\u00f3 precisa voltar a crescer, precisa de novo de um prefeito que goste de trabalhar, que esteja alinhado com o projeto do governo do estado e trabalhe para os que mais precisam&#8221;, completou Rosemberg.<\/h4>\n","protected":false},"excerpt":{"rendered":"<p>Aconteceu na noite desta sexta-feira (5) a Conven\u00e7\u00e3o Municipal do PT e os partidos aliados (PCdoB, PSB, PRP, PRB, PP, PSL e PTN), que juntos formaram a coliga\u00e7\u00e3o &#8220;Itoror\u00f3 vai voltar a crescer&#8221;. Os partidos homologaram os nomes do ex. prefeito Adroaldo Almeida (PT) como candidato a prefeito, do radialista Rubinho Cordeiro (PCdoB), candidato a [&hellip;]<\/p>\n","protected":false},"author":2,"featured_media":85090,"comment_status":"open","ping_status":"open","sticky":false,"template":"","format":"standard","meta":{"footnotes":"","_links_to":"","_links_to_target":""},"categories":[23,1],"tags":[],"class_list":["post-85089","post","type-post","status-publish","format-standard","has-post-thumbnail","hentry","category-destaque1","category-geral"],"views":1433,"_links":{"self":[{"href":"https:\/\/www.politicosdosuldabahia.com.br\/v1\/wp-json\/wp\/v2\/posts\/85089"}],"collection":[{"href":"https:\/\/www.politicosdosuldabahia.com.br\/v1\/wp-json\/wp\/v2\/posts"}],"about":[{"href":"https:\/\/www.politicosdosuldabahia.com.br\/v1\/wp-json\/wp\/v2\/types\/post"}],"author":[{"embeddable":true,"href":"https:\/\/www.politicosdosuldabahia.com.br\/v1\/wp-json\/wp\/v2\/users\/2"}],"replies":[{"embeddable":true,"href":"https:\/\/www.politicosdosuldabahia.com.br\/v1\/wp-json\/wp\/v2\/comments?post=85089"}],"version-history":[{"count":1,"href":"https:\/\/www.politicosdosuldabahia.com.br\/v1\/wp-json\/wp\/v2\/posts\/85089\/revisions"}],"predecessor-version":[{"id":85091,"href":"https:\/\/www.politicosdosuldabahia.com.br\/v1\/wp-json\/wp\/v2\/posts\/85089\/revisions\/85091"}],"wp:featuredmedia":[{"embeddable":true,"href":"https:\/\/www.politicosdosuldabahia.com.br\/v1\/wp-json\/wp\/v2\/media\/85090"}],"wp:attachment":[{"href":"https:\/\/www.politicosdosuldabahia.com.br\/v1\/wp-json\/wp\/v2\/media?parent=85089"}],"wp:term":[{"taxonomy":"category","embeddable":true,"href":"https:\/\/www.politicosdosuldabahia.com.br\/v1\/wp-json\/wp\/v2\/categories?post=85089"},{"taxonomy":"post_tag","embeddable":true,"href":"https:\/\/www.politicosdosuldabahia.com.br\/v1\/wp-json\/wp\/v2\/tags?post=85089"}],"curies":[{"name":"wp","href":"https:\/\/api.w.org\/{rel}","templated":true}]}}