
{"id":85078,"date":"2016-08-05T23:13:48","date_gmt":"2016-08-06T02:13:48","guid":{"rendered":"http:\/\/www.politicosdosuldabahia.com.br\/v1\/?p=85078"},"modified":"2016-08-06T20:50:23","modified_gmt":"2016-08-06T23:50:23","slug":"canavieirasconvencao-escolhe-almir-e-meneguelo-candidatos-a-prefeito-e-vice","status":"publish","type":"post","link":"https:\/\/www.politicosdosuldabahia.com.br\/v1\/2016\/08\/05\/canavieirasconvencao-escolhe-almir-e-meneguelo-candidatos-a-prefeito-e-vice\/","title":{"rendered":"CANAVIEIRAS: CONVEN\u00c7\u00c3O ESCOLHE ALMIR E MENEGUELO  CANDIDATOS A PREFEITO E VICE"},"content":{"rendered":"<p><img loading=\"lazy\" decoding=\"async\" class=\"aligncenter wp-image-85079\" src=\"http:\/\/www.politicosdosuldabahia.com.br\/v1\/wp-content\/uploads\/2016\/08\/almirrrrr.jpg\" alt=\"almirrrrr\" width=\"455\" height=\"303\" srcset=\"https:\/\/www.politicosdosuldabahia.com.br\/v1\/wp-content\/uploads\/2016\/08\/almirrrrr.jpg 771w, https:\/\/www.politicosdosuldabahia.com.br\/v1\/wp-content\/uploads\/2016\/08\/almirrrrr-300x200.jpg 300w, https:\/\/www.politicosdosuldabahia.com.br\/v1\/wp-content\/uploads\/2016\/08\/almirrrrr-768x512.jpg 768w\" sizes=\"(max-width: 455px) 100vw, 455px\" \/><\/p>\n<h4 style=\"text-align: justify;\">A Coliga\u00e7\u00e3o Certeza do Progresso \u2013 integrada pelo PMDB, PDT, PTB, PTC, PR, PRTB \u2013 homologou, durante a conven\u00e7\u00e3o municipal, os nomes de Almir Melo e Renato Meneguelo (ambos PMDB) candidatos aos cargos de prefeito e vice-prefeito de Canavieiras, para as elei\u00e7\u00f5es de 2 de outubro pr\u00f3ximo. A conven\u00e7\u00e3o foi realizada nesta quinta-feira (4), das 16 \u00e0s 20 horas, no Gin\u00e1sio de Esportes de Canavieiras (Geca), com a presen\u00e7a de candidatos a vereador, filiados dos partidos coligados e pol\u00edticos convidados de diversas cidades.<\/h4>\n<h4 style=\"text-align: justify;\">A grande surpresa da conven\u00e7\u00e3o foi a indica\u00e7\u00e3o do m\u00e9dico Renato Meneguelo como candidato a vice-prefeito, nome revelado somente na entrada da comitiva do prefeito ao local da conven\u00e7\u00e3o. O an\u00fancio do candidato a vice na chapa liderada por Almir Melo era a grande expectativa nos meios pol\u00edticos de Canavieiras, obtendo ampla aprova\u00e7\u00e3o nos diversos setores da sociedade, pela sua atua\u00e7\u00e3o na medicina e como secret\u00e1rio da Assist\u00eancia Social nesta administra\u00e7\u00e3o.<\/h4>\n<h4 style=\"text-align: justify;\">Atualmente, Almir Melo \u00e9 prefeito de Canavieiras pelo quarto mandato e \u00e9 considerado o pol\u00edtico que mais contribuiu para o desenvolvimento da cidade, com grande realiza\u00e7\u00f5es em todos os segmentos da Administra\u00e7\u00e3o. A marca de pol\u00edtico compromissado e administrador competente consagram Almir Melo como o prefeito que mais trabalhou na hist\u00f3ria da cidade.<\/h4>\n<h4 style=\"text-align: justify;\">Al\u00e9m das indica\u00e7\u00f5es do prefeito e vice-prefeito, na conven\u00e7\u00e3o tamb\u00e9m foram escolhidos os candidatos a vereador de todos os seis partidos coligados. Durante a assembleia dos partidos, foram formadas duas coliga\u00e7\u00f5es: \u201cCerteza do Progresso\u201d, para a elei\u00e7\u00e3o majorit\u00e1ria; e \u201cUnidos para o Progresso\u201d, para a proporcional, entre o MDB, PDT, PTB, PR, PRTB, com 15 candidatos. J\u00e1 os 17 candidatos a vereador pelo PTC preferiram n\u00e3o integrar a coliga\u00e7\u00e3o e disputar a elei\u00e7\u00e3o apenas com seus candidatos.<\/h4>\n","protected":false},"excerpt":{"rendered":"<p>A Coliga\u00e7\u00e3o Certeza do Progresso \u2013 integrada pelo PMDB, PDT, PTB, PTC, PR, PRTB \u2013 homologou, durante a conven\u00e7\u00e3o municipal, os nomes de Almir Melo e Renato Meneguelo (ambos PMDB) candidatos aos cargos de prefeito e vice-prefeito de Canavieiras, para as elei\u00e7\u00f5es de 2 de outubro pr\u00f3ximo. A conven\u00e7\u00e3o foi realizada nesta quinta-feira (4), das [&hellip;]<\/p>\n","protected":false},"author":2,"featured_media":85079,"comment_status":"open","ping_status":"open","sticky":false,"template":"","format":"standard","meta":{"footnotes":"","_links_to":"","_links_to_target":""},"categories":[24,1],"tags":[],"class_list":["post-85078","post","type-post","status-publish","format-standard","has-post-thumbnail","hentry","category-destaque2","category-geral"],"views":1961,"_links":{"self":[{"href":"https:\/\/www.politicosdosuldabahia.com.br\/v1\/wp-json\/wp\/v2\/posts\/85078"}],"collection":[{"href":"https:\/\/www.politicosdosuldabahia.com.br\/v1\/wp-json\/wp\/v2\/posts"}],"about":[{"href":"https:\/\/www.politicosdosuldabahia.com.br\/v1\/wp-json\/wp\/v2\/types\/post"}],"author":[{"embeddable":true,"href":"https:\/\/www.politicosdosuldabahia.com.br\/v1\/wp-json\/wp\/v2\/users\/2"}],"replies":[{"embeddable":true,"href":"https:\/\/www.politicosdosuldabahia.com.br\/v1\/wp-json\/wp\/v2\/comments?post=85078"}],"version-history":[{"count":2,"href":"https:\/\/www.politicosdosuldabahia.com.br\/v1\/wp-json\/wp\/v2\/posts\/85078\/revisions"}],"predecessor-version":[{"id":85100,"href":"https:\/\/www.politicosdosuldabahia.com.br\/v1\/wp-json\/wp\/v2\/posts\/85078\/revisions\/85100"}],"wp:featuredmedia":[{"embeddable":true,"href":"https:\/\/www.politicosdosuldabahia.com.br\/v1\/wp-json\/wp\/v2\/media\/85079"}],"wp:attachment":[{"href":"https:\/\/www.politicosdosuldabahia.com.br\/v1\/wp-json\/wp\/v2\/media?parent=85078"}],"wp:term":[{"taxonomy":"category","embeddable":true,"href":"https:\/\/www.politicosdosuldabahia.com.br\/v1\/wp-json\/wp\/v2\/categories?post=85078"},{"taxonomy":"post_tag","embeddable":true,"href":"https:\/\/www.politicosdosuldabahia.com.br\/v1\/wp-json\/wp\/v2\/tags?post=85078"}],"curies":[{"name":"wp","href":"https:\/\/api.w.org\/{rel}","templated":true}]}}