
{"id":84208,"date":"2016-06-28T09:22:48","date_gmt":"2016-06-28T12:22:48","guid":{"rendered":"http:\/\/www.politicosdosuldabahia.com.br\/v1\/?p=84208"},"modified":"2016-06-27T21:25:07","modified_gmt":"2016-06-28T00:25:07","slug":"una-pre-candidato-tiago-de-dejair-faz-composicao-com-vice-prefeito-nildo-som","status":"publish","type":"post","link":"https:\/\/www.politicosdosuldabahia.com.br\/v1\/2016\/06\/28\/una-pre-candidato-tiago-de-dejair-faz-composicao-com-vice-prefeito-nildo-som\/","title":{"rendered":"UNA:  PR\u00c9-CANDIDATO TIAGO DE DEJAIR FAZ COMPOSI\u00c7\u00c3O COM VICE-PREFEITO NILDO SOM"},"content":{"rendered":"<p><img loading=\"lazy\" decoding=\"async\" class=\"aligncenter wp-image-84209\" src=\"http:\/\/www.politicosdosuldabahia.com.br\/v1\/wp-content\/uploads\/2016\/06\/tiago.jpg\" alt=\"tiago\" width=\"455\" height=\"341\" \/><\/p>\n<h4 style=\"text-align: justify;\">Em Una o pr\u00e9-candidato a prefeito Tiago de Dejair (PP), viabilizou uma composi\u00e7\u00e3o com o atual vice-prefeito Nildo Som (PSB). Tiago \u00e9 filho do ex-prefeito Dejair (PP), e \u00e9 o principal nome da oposi\u00e7\u00e3o no munic\u00edpio.<\/h4>\n<h4 style=\"text-align: justify;\">Tiago de Dejair tem conversado com outros grupos pol\u00edticos, muito provavelmente at\u00e9 a pr\u00f3xima semana dever\u00e1 anunciar a forma\u00e7\u00e3o da chapa. Existe a possibilidade que o vice seja Nildo Som, mas dependendo das articula\u00e7\u00f5es o escolhido poder\u00e1 ser outro nome.<\/h4>\n","protected":false},"excerpt":{"rendered":"<p>Em Una o pr\u00e9-candidato a prefeito Tiago de Dejair (PP), viabilizou uma composi\u00e7\u00e3o com o atual vice-prefeito Nildo Som (PSB). Tiago \u00e9 filho do ex-prefeito Dejair (PP), e \u00e9 o principal nome da oposi\u00e7\u00e3o no munic\u00edpio. Tiago de Dejair tem conversado com outros grupos pol\u00edticos, muito provavelmente at\u00e9 a pr\u00f3xima semana dever\u00e1 anunciar a forma\u00e7\u00e3o [&hellip;]<\/p>\n","protected":false},"author":2,"featured_media":0,"comment_status":"open","ping_status":"open","sticky":false,"template":"","format":"standard","meta":{"footnotes":"","_links_to":"","_links_to_target":""},"categories":[1],"tags":[],"class_list":["post-84208","post","type-post","status-publish","format-standard","hentry","category-geral"],"views":2370,"_links":{"self":[{"href":"https:\/\/www.politicosdosuldabahia.com.br\/v1\/wp-json\/wp\/v2\/posts\/84208"}],"collection":[{"href":"https:\/\/www.politicosdosuldabahia.com.br\/v1\/wp-json\/wp\/v2\/posts"}],"about":[{"href":"https:\/\/www.politicosdosuldabahia.com.br\/v1\/wp-json\/wp\/v2\/types\/post"}],"author":[{"embeddable":true,"href":"https:\/\/www.politicosdosuldabahia.com.br\/v1\/wp-json\/wp\/v2\/users\/2"}],"replies":[{"embeddable":true,"href":"https:\/\/www.politicosdosuldabahia.com.br\/v1\/wp-json\/wp\/v2\/comments?post=84208"}],"version-history":[{"count":1,"href":"https:\/\/www.politicosdosuldabahia.com.br\/v1\/wp-json\/wp\/v2\/posts\/84208\/revisions"}],"predecessor-version":[{"id":84210,"href":"https:\/\/www.politicosdosuldabahia.com.br\/v1\/wp-json\/wp\/v2\/posts\/84208\/revisions\/84210"}],"wp:attachment":[{"href":"https:\/\/www.politicosdosuldabahia.com.br\/v1\/wp-json\/wp\/v2\/media?parent=84208"}],"wp:term":[{"taxonomy":"category","embeddable":true,"href":"https:\/\/www.politicosdosuldabahia.com.br\/v1\/wp-json\/wp\/v2\/categories?post=84208"},{"taxonomy":"post_tag","embeddable":true,"href":"https:\/\/www.politicosdosuldabahia.com.br\/v1\/wp-json\/wp\/v2\/tags?post=84208"}],"curies":[{"name":"wp","href":"https:\/\/api.w.org\/{rel}","templated":true}]}}