
{"id":81867,"date":"2016-03-08T11:16:22","date_gmt":"2016-03-08T14:16:22","guid":{"rendered":"http:\/\/www.politicosdosuldabahia.com.br\/v1\/?p=81867"},"modified":"2016-03-08T11:16:22","modified_gmt":"2016-03-08T14:16:22","slug":"itabuna-municipio-sem-coleta-de-lixo","status":"publish","type":"post","link":"https:\/\/www.politicosdosuldabahia.com.br\/v1\/2016\/03\/08\/itabuna-municipio-sem-coleta-de-lixo\/","title":{"rendered":"ITABUNA: MUNICIPIO  SEM COLETA DE LIXO"},"content":{"rendered":"<p><img loading=\"lazy\" decoding=\"async\" class=\"aligncenter wp-image-81868\" src=\"http:\/\/www.politicosdosuldabahia.com.br\/v1\/wp-content\/uploads\/2016\/03\/be9cd3c6-c641-4ddd-81b4-60da3707661a.jpg\" alt=\"be9cd3c6-c641-4ddd-81b4-60da3707661a\" width=\"450\" height=\"253\" srcset=\"https:\/\/www.politicosdosuldabahia.com.br\/v1\/wp-content\/uploads\/2016\/03\/be9cd3c6-c641-4ddd-81b4-60da3707661a.jpg 974w, https:\/\/www.politicosdosuldabahia.com.br\/v1\/wp-content\/uploads\/2016\/03\/be9cd3c6-c641-4ddd-81b4-60da3707661a-300x168.jpg 300w\" sizes=\"(max-width: 450px) 100vw, 450px\" \/><\/p>\n<h4 style=\"text-align: justify;\">Desde ontem, segunda-feira(07), a cidade de Itabuna est\u00e1 sem a coleta de lixo domiciliar. Somando o domingo, dia da folga dos garis, j\u00e1 s\u00e3o tr\u00eas dias sem recolhimento do lixo. O resultado al\u00e9m do volume grande dos res\u00edduos nas cal\u00e7adas, \u00e9 urubus nas ruas e uma fedentina sem precedentes. O motivo \u00e9 uma paralisa\u00e7\u00e3o dos trabalhadores da limpeza urbana.<\/h4>\n<h4 style=\"text-align: justify;\">Segundo o Sindicato dos Trabalhadores em Limpeza da Regi\u00e3o Sul e Extremo Sul da Bahia (Sindilimp), os terceirizados da limpeza de Itabuna resolveram cruzar os bra\u00e7os por que a empresa Biosanear, respons\u00e1vel pela m\u00e3o de obra, est\u00e1 com o sal\u00e1rio, vale transporte e vale alimenta\u00e7\u00e3o do m\u00eas de fevereiro sem honrar. O pagamento deveria entrar na conta dos trabalhadores nos primeiros dias de mar\u00e7o, como n\u00e3o ocorreu a categoria parou as atividades em protesto.<\/h4>\n<h4 style=\"text-align: justify;\">A popula\u00e7\u00e3o de Itabuna que est\u00e1 sofrendo com o racionamento de \u00e1gua e a alta taxa de salinidade, agora est\u00e1 sem aguentar com o lixo em suas portas, e o pior, sem saber o que fazer em pleno dia da mulher.<\/h4>\n","protected":false},"excerpt":{"rendered":"<p>Desde ontem, segunda-feira(07), a cidade de Itabuna est\u00e1 sem a coleta de lixo domiciliar. Somando o domingo, dia da folga dos garis, j\u00e1 s\u00e3o tr\u00eas dias sem recolhimento do lixo. O resultado al\u00e9m do volume grande dos res\u00edduos nas cal\u00e7adas, \u00e9 urubus nas ruas e uma fedentina sem precedentes. O motivo \u00e9 uma paralisa\u00e7\u00e3o dos [&hellip;]<\/p>\n","protected":false},"author":2,"featured_media":0,"comment_status":"open","ping_status":"open","sticky":false,"template":"","format":"standard","meta":{"footnotes":"","_links_to":"","_links_to_target":""},"categories":[1],"tags":[],"class_list":["post-81867","post","type-post","status-publish","format-standard","hentry","category-geral"],"views":1427,"_links":{"self":[{"href":"https:\/\/www.politicosdosuldabahia.com.br\/v1\/wp-json\/wp\/v2\/posts\/81867"}],"collection":[{"href":"https:\/\/www.politicosdosuldabahia.com.br\/v1\/wp-json\/wp\/v2\/posts"}],"about":[{"href":"https:\/\/www.politicosdosuldabahia.com.br\/v1\/wp-json\/wp\/v2\/types\/post"}],"author":[{"embeddable":true,"href":"https:\/\/www.politicosdosuldabahia.com.br\/v1\/wp-json\/wp\/v2\/users\/2"}],"replies":[{"embeddable":true,"href":"https:\/\/www.politicosdosuldabahia.com.br\/v1\/wp-json\/wp\/v2\/comments?post=81867"}],"version-history":[{"count":1,"href":"https:\/\/www.politicosdosuldabahia.com.br\/v1\/wp-json\/wp\/v2\/posts\/81867\/revisions"}],"predecessor-version":[{"id":81869,"href":"https:\/\/www.politicosdosuldabahia.com.br\/v1\/wp-json\/wp\/v2\/posts\/81867\/revisions\/81869"}],"wp:attachment":[{"href":"https:\/\/www.politicosdosuldabahia.com.br\/v1\/wp-json\/wp\/v2\/media?parent=81867"}],"wp:term":[{"taxonomy":"category","embeddable":true,"href":"https:\/\/www.politicosdosuldabahia.com.br\/v1\/wp-json\/wp\/v2\/categories?post=81867"},{"taxonomy":"post_tag","embeddable":true,"href":"https:\/\/www.politicosdosuldabahia.com.br\/v1\/wp-json\/wp\/v2\/tags?post=81867"}],"curies":[{"name":"wp","href":"https:\/\/api.w.org\/{rel}","templated":true}]}}