
{"id":81046,"date":"2016-01-28T11:18:22","date_gmt":"2016-01-28T14:18:22","guid":{"rendered":"http:\/\/www.politicosdosuldabahia.com.br\/v1\/?p=81046"},"modified":"2016-01-28T11:18:22","modified_gmt":"2016-01-28T14:18:22","slug":"ilheus-rui-carvalho-pode-se-filiar-ao-dem-para-ser-candidato-a-prefeito","status":"publish","type":"post","link":"https:\/\/www.politicosdosuldabahia.com.br\/v1\/2016\/01\/28\/ilheus-rui-carvalho-pode-se-filiar-ao-dem-para-ser-candidato-a-prefeito\/","title":{"rendered":"ILH\u00c9US: RUI CARVALHO PODE SE FILIAR AO DEM PARA SER CANDIDATO A PREFEITO"},"content":{"rendered":"<p><img loading=\"lazy\" decoding=\"async\" class=\"aligncenter wp-image-81047\" src=\"http:\/\/www.politicosdosuldabahia.com.br\/v1\/wp-content\/uploads\/2016\/01\/ruicarv.jpg\" alt=\"ruicarv\" width=\"450\" height=\"397\" srcset=\"https:\/\/www.politicosdosuldabahia.com.br\/v1\/wp-content\/uploads\/2016\/01\/ruicarv.jpg 518w, https:\/\/www.politicosdosuldabahia.com.br\/v1\/wp-content\/uploads\/2016\/01\/ruicarv-300x265.jpg 300w\" sizes=\"(max-width: 450px) 100vw, 450px\" \/><\/p>\n<h4 style=\"text-align: justify;\">Em Ilh\u00e9us o m\u00e9dico Rui Carvalho, foi convidado pela c\u00fapula estadual do DEM pra se filiar ao partido. O objetivo do DEM \u00e9 lan\u00e7ar o nome do m\u00e9dico como pr\u00e9-candidato a prefeito na elei\u00e7\u00e3o deste ano.<\/h4>\n<h4 style=\"text-align: justify;\">Rui j\u00e1 foi candidato a prefeito do munic\u00edpio pelo PT, mas em 2009 saiu do partido, atualmente est\u00e1 filiado ao PTB.<br \/>\nA c\u00fapula do DEM vislumbra que o nome de Rui tem viabilidade eleitoral para ser o candidato da oposi\u00e7\u00e3o no munic\u00edpio.<\/h4>\n<h4 style=\"text-align: justify;\">Em contato com Rui, ele confidenciou que est\u00e1 sendo convidado por v\u00e1rios partidos, mas at\u00e9 o momento n\u00e3o definiu:<\/h4>\n<h4 style=\"text-align: justify;\">\u201c eu estou filiado ao PT e apoio o nome de Nazal como candidato. Mas fui convidado pelo deputado Aleluia para me filiar ao DEM.\u201d<\/h4>\n","protected":false},"excerpt":{"rendered":"<p>Em Ilh\u00e9us o m\u00e9dico Rui Carvalho, foi convidado pela c\u00fapula estadual do DEM pra se filiar ao partido. O objetivo do DEM \u00e9 lan\u00e7ar o nome do m\u00e9dico como pr\u00e9-candidato a prefeito na elei\u00e7\u00e3o deste ano. Rui j\u00e1 foi candidato a prefeito do munic\u00edpio pelo PT, mas em 2009 saiu do partido, atualmente est\u00e1 filiado [&hellip;]<\/p>\n","protected":false},"author":2,"featured_media":0,"comment_status":"open","ping_status":"open","sticky":false,"template":"","format":"standard","meta":{"footnotes":"","_links_to":"","_links_to_target":""},"categories":[1],"tags":[],"class_list":["post-81046","post","type-post","status-publish","format-standard","hentry","category-geral"],"views":2068,"_links":{"self":[{"href":"https:\/\/www.politicosdosuldabahia.com.br\/v1\/wp-json\/wp\/v2\/posts\/81046"}],"collection":[{"href":"https:\/\/www.politicosdosuldabahia.com.br\/v1\/wp-json\/wp\/v2\/posts"}],"about":[{"href":"https:\/\/www.politicosdosuldabahia.com.br\/v1\/wp-json\/wp\/v2\/types\/post"}],"author":[{"embeddable":true,"href":"https:\/\/www.politicosdosuldabahia.com.br\/v1\/wp-json\/wp\/v2\/users\/2"}],"replies":[{"embeddable":true,"href":"https:\/\/www.politicosdosuldabahia.com.br\/v1\/wp-json\/wp\/v2\/comments?post=81046"}],"version-history":[{"count":1,"href":"https:\/\/www.politicosdosuldabahia.com.br\/v1\/wp-json\/wp\/v2\/posts\/81046\/revisions"}],"predecessor-version":[{"id":81048,"href":"https:\/\/www.politicosdosuldabahia.com.br\/v1\/wp-json\/wp\/v2\/posts\/81046\/revisions\/81048"}],"wp:attachment":[{"href":"https:\/\/www.politicosdosuldabahia.com.br\/v1\/wp-json\/wp\/v2\/media?parent=81046"}],"wp:term":[{"taxonomy":"category","embeddable":true,"href":"https:\/\/www.politicosdosuldabahia.com.br\/v1\/wp-json\/wp\/v2\/categories?post=81046"},{"taxonomy":"post_tag","embeddable":true,"href":"https:\/\/www.politicosdosuldabahia.com.br\/v1\/wp-json\/wp\/v2\/tags?post=81046"}],"curies":[{"name":"wp","href":"https:\/\/api.w.org\/{rel}","templated":true}]}}