
{"id":79742,"date":"2015-11-23T11:32:50","date_gmt":"2015-11-23T14:32:50","guid":{"rendered":"http:\/\/www.politicosdosuldabahia.com.br\/v1\/?p=79742"},"modified":"2015-11-23T11:32:50","modified_gmt":"2015-11-23T14:32:50","slug":"barro-preto-prefeita-se-reune-com-rui-costa-nesta-segunda-feira","status":"publish","type":"post","link":"https:\/\/www.politicosdosuldabahia.com.br\/v1\/2015\/11\/23\/barro-preto-prefeita-se-reune-com-rui-costa-nesta-segunda-feira\/","title":{"rendered":"BARRO PRETO: PREFEITA SE RE\u00daNE COM RUI COSTA NESTA SEGUNDA-FEIRA"},"content":{"rendered":"<p><img loading=\"lazy\" decoding=\"async\" class=\"aligncenter wp-image-79743 size-full\" src=\"http:\/\/www.politicosdosuldabahia.com.br\/v1\/wp-content\/uploads\/2015\/11\/bpppp1.jpg\" alt=\"bpppp\" width=\"500\" height=\"333\" srcset=\"https:\/\/www.politicosdosuldabahia.com.br\/v1\/wp-content\/uploads\/2015\/11\/bpppp1.jpg 500w, https:\/\/www.politicosdosuldabahia.com.br\/v1\/wp-content\/uploads\/2015\/11\/bpppp1-300x200.jpg 300w\" sizes=\"(max-width: 500px) 100vw, 500px\" \/><\/p>\n<h4 style=\"text-align: justify;\">A prefeita de Barro Preto, Jaqueline Motta, se re\u00fane nesta segunda-feira, dia 23, com o governador da Bahia, Rui Costa, no Centro Administrativo da Bahia (CAB), em Salvador. A reuni\u00e3o ter\u00e1 como pauta os diversos projetos para Barro Preto, j\u00e1 conhecidos pelo governador Rui Costa, e que ser\u00e3o reiterados pela prefeita Jaqueline Motta. Acompanhando a prefeita, estar\u00e1 o deputado estadual, Z\u00e9 Neto.<\/h4>\n<h4 style=\"text-align: justify;\">Os projetos envolvem a cria\u00e7\u00e3o de um novo mercado municipal, requalifica\u00e7\u00e3o de pra\u00e7as e jardins, constru\u00e7\u00e3o de delegacia, libera\u00e7\u00e3o de barracas da CAR (Companhia de Desenvolvimento e A\u00e7\u00e3o Regional), pavimenta\u00e7\u00e3o e amplia\u00e7\u00e3o da rede pluvial de ruas do bairro bonfinz\u00e3o.<\/h4>\n<h4 style=\"text-align: justify;\">A expectativa \u00e9 que, dessa vez, o Governo do Estado atenda \u00e0s solicita\u00e7\u00f5es apresentadas pela prefeita Jaqueline Motta, que visam melhores condi\u00e7\u00f5es \u00e0 comunidade de Barro Preto.<\/h4>\n","protected":false},"excerpt":{"rendered":"<p>A prefeita de Barro Preto, Jaqueline Motta, se re\u00fane nesta segunda-feira, dia 23, com o governador da Bahia, Rui Costa, no Centro Administrativo da Bahia (CAB), em Salvador. A reuni\u00e3o ter\u00e1 como pauta os diversos projetos para Barro Preto, j\u00e1 conhecidos pelo governador Rui Costa, e que ser\u00e3o reiterados pela prefeita Jaqueline Motta. Acompanhando a [&hellip;]<\/p>\n","protected":false},"author":2,"featured_media":0,"comment_status":"open","ping_status":"open","sticky":false,"template":"","format":"standard","meta":{"footnotes":"","_links_to":"","_links_to_target":""},"categories":[1],"tags":[],"class_list":["post-79742","post","type-post","status-publish","format-standard","hentry","category-geral"],"views":1037,"_links":{"self":[{"href":"https:\/\/www.politicosdosuldabahia.com.br\/v1\/wp-json\/wp\/v2\/posts\/79742"}],"collection":[{"href":"https:\/\/www.politicosdosuldabahia.com.br\/v1\/wp-json\/wp\/v2\/posts"}],"about":[{"href":"https:\/\/www.politicosdosuldabahia.com.br\/v1\/wp-json\/wp\/v2\/types\/post"}],"author":[{"embeddable":true,"href":"https:\/\/www.politicosdosuldabahia.com.br\/v1\/wp-json\/wp\/v2\/users\/2"}],"replies":[{"embeddable":true,"href":"https:\/\/www.politicosdosuldabahia.com.br\/v1\/wp-json\/wp\/v2\/comments?post=79742"}],"version-history":[{"count":1,"href":"https:\/\/www.politicosdosuldabahia.com.br\/v1\/wp-json\/wp\/v2\/posts\/79742\/revisions"}],"predecessor-version":[{"id":79744,"href":"https:\/\/www.politicosdosuldabahia.com.br\/v1\/wp-json\/wp\/v2\/posts\/79742\/revisions\/79744"}],"wp:attachment":[{"href":"https:\/\/www.politicosdosuldabahia.com.br\/v1\/wp-json\/wp\/v2\/media?parent=79742"}],"wp:term":[{"taxonomy":"category","embeddable":true,"href":"https:\/\/www.politicosdosuldabahia.com.br\/v1\/wp-json\/wp\/v2\/categories?post=79742"},{"taxonomy":"post_tag","embeddable":true,"href":"https:\/\/www.politicosdosuldabahia.com.br\/v1\/wp-json\/wp\/v2\/tags?post=79742"}],"curies":[{"name":"wp","href":"https:\/\/api.w.org\/{rel}","templated":true}]}}