
{"id":78783,"date":"2015-10-07T08:46:12","date_gmt":"2015-10-07T11:46:12","guid":{"rendered":"http:\/\/www.politicosdosuldabahia.com.br\/v1\/?p=78783"},"modified":"2015-10-06T22:47:28","modified_gmt":"2015-10-07T01:47:28","slug":"na-italia-rui-promove-destino-bahia-em-evento-de-turismo","status":"publish","type":"post","link":"https:\/\/www.politicosdosuldabahia.com.br\/v1\/2015\/10\/07\/na-italia-rui-promove-destino-bahia-em-evento-de-turismo\/","title":{"rendered":"NA IT\u00c1LIA, RUI PROMOVE DESTINO BAHIA EM EVENTO DE TURISMO"},"content":{"rendered":"<p><img loading=\"lazy\" decoding=\"async\" class=\"aligncenter wp-image-78784 size-full\" src=\"http:\/\/www.politicosdosuldabahia.com.br\/v1\/wp-content\/uploads\/2015\/10\/rrrrr.jpg\" alt=\"rrrrr\" width=\"377\" height=\"503\" srcset=\"https:\/\/www.politicosdosuldabahia.com.br\/v1\/wp-content\/uploads\/2015\/10\/rrrrr.jpg 377w, https:\/\/www.politicosdosuldabahia.com.br\/v1\/wp-content\/uploads\/2015\/10\/rrrrr-225x300.jpg 225w\" sizes=\"(max-width: 377px) 100vw, 377px\" \/><\/p>\n<h4 style=\"text-align: justify;\">Realizado nesta ter\u00e7a-feira (6), durante a Expo Mil\u00e3o, na It\u00e1lia, o \u2018Dia da Bahia\u2019, contou com a presen\u00e7a do governador Rui Costa para refor\u00e7ar a promo\u00e7\u00e3o do estado como destino tur\u00edstico na costa brasileira, o povo e a cultura, al\u00e9m da economia baiana, como oportunidade para empres\u00e1rios do mundo inteiro, que participam do evento. Rui tamb\u00e9m conheceu experi\u00eancias de outros pa\u00edses relacionadas ao tema da Expo Mil\u00e3o &#8211; Alimentando o Planeta, Energia pra a Vida.<\/h4>\n<h4 style=\"text-align: justify;\">No estande da Bahiatursa, o forrozeiro Adelm\u00e1rio Coelho e apresenta\u00e7\u00f5es de capoeira mostraram ao p\u00fablico de todo o mundo um pouco da cultura da Bahia. O estado \u00e9 destaque no Pavilh\u00e3o Brasil, que ocupa mais de quatro mil metros quadrados e tem recebido em m\u00e9dia 15 mil visitantes por dia durante a feira. O p\u00fablico pode degustar o melhor da culin\u00e1ria baiana no restaurante que funciona no espa\u00e7o brasileiro.<\/h4>\n<h4 style=\"text-align: justify;\">&#8220;A Expo Mil\u00e3o \u00e9 a maior feira de Turismo do Mundo, aqui est\u00e3o turistas, empres\u00e1rios e todo tipo de institui\u00e7\u00e3o ligada ao setor. A Bahia est\u00e1 presente para mostrar sua beleza, sua cultura e seu povo&#8221;, comentou o governador.<\/h4>\n","protected":false},"excerpt":{"rendered":"<p>Realizado nesta ter\u00e7a-feira (6), durante a Expo Mil\u00e3o, na It\u00e1lia, o \u2018Dia da Bahia\u2019, contou com a presen\u00e7a do governador Rui Costa para refor\u00e7ar a promo\u00e7\u00e3o do estado como destino tur\u00edstico na costa brasileira, o povo e a cultura, al\u00e9m da economia baiana, como oportunidade para empres\u00e1rios do mundo inteiro, que participam do evento. Rui [&hellip;]<\/p>\n","protected":false},"author":2,"featured_media":0,"comment_status":"open","ping_status":"open","sticky":false,"template":"","format":"standard","meta":{"footnotes":"","_links_to":"","_links_to_target":""},"categories":[1],"tags":[],"class_list":["post-78783","post","type-post","status-publish","format-standard","hentry","category-geral"],"views":693,"_links":{"self":[{"href":"https:\/\/www.politicosdosuldabahia.com.br\/v1\/wp-json\/wp\/v2\/posts\/78783"}],"collection":[{"href":"https:\/\/www.politicosdosuldabahia.com.br\/v1\/wp-json\/wp\/v2\/posts"}],"about":[{"href":"https:\/\/www.politicosdosuldabahia.com.br\/v1\/wp-json\/wp\/v2\/types\/post"}],"author":[{"embeddable":true,"href":"https:\/\/www.politicosdosuldabahia.com.br\/v1\/wp-json\/wp\/v2\/users\/2"}],"replies":[{"embeddable":true,"href":"https:\/\/www.politicosdosuldabahia.com.br\/v1\/wp-json\/wp\/v2\/comments?post=78783"}],"version-history":[{"count":1,"href":"https:\/\/www.politicosdosuldabahia.com.br\/v1\/wp-json\/wp\/v2\/posts\/78783\/revisions"}],"predecessor-version":[{"id":78785,"href":"https:\/\/www.politicosdosuldabahia.com.br\/v1\/wp-json\/wp\/v2\/posts\/78783\/revisions\/78785"}],"wp:attachment":[{"href":"https:\/\/www.politicosdosuldabahia.com.br\/v1\/wp-json\/wp\/v2\/media?parent=78783"}],"wp:term":[{"taxonomy":"category","embeddable":true,"href":"https:\/\/www.politicosdosuldabahia.com.br\/v1\/wp-json\/wp\/v2\/categories?post=78783"},{"taxonomy":"post_tag","embeddable":true,"href":"https:\/\/www.politicosdosuldabahia.com.br\/v1\/wp-json\/wp\/v2\/tags?post=78783"}],"curies":[{"name":"wp","href":"https:\/\/api.w.org\/{rel}","templated":true}]}}