
{"id":78779,"date":"2015-10-07T07:37:45","date_gmt":"2015-10-07T10:37:45","guid":{"rendered":"http:\/\/www.politicosdosuldabahia.com.br\/v1\/?p=78779"},"modified":"2015-10-06T21:42:05","modified_gmt":"2015-10-07T00:42:05","slug":"itapetinga-jose-otavio-recusa-convite-do-dem-para-ser-candidato-a-prefeito","status":"publish","type":"post","link":"https:\/\/www.politicosdosuldabahia.com.br\/v1\/2015\/10\/07\/itapetinga-jose-otavio-recusa-convite-do-dem-para-ser-candidato-a-prefeito\/","title":{"rendered":"ITAPETINGA: JOS\u00c9 OT\u00c1VIO RECUSA CONVITE DO DEM PARA SER CANDIDATO A PREFEITO"},"content":{"rendered":"<p><img loading=\"lazy\" decoding=\"async\" class=\"aligncenter wp-image-78780\" src=\"http:\/\/www.politicosdosuldabahia.com.br\/v1\/wp-content\/uploads\/2015\/10\/z\u00e9-ot\u00e1vio.jpg\" alt=\"z\u00e9-ot\u00e1vio\" width=\"445\" height=\"334\" srcset=\"https:\/\/www.politicosdosuldabahia.com.br\/v1\/wp-content\/uploads\/2015\/10\/z\u00e9-ot\u00e1vio.jpg 640w, https:\/\/www.politicosdosuldabahia.com.br\/v1\/wp-content\/uploads\/2015\/10\/z\u00e9-ot\u00e1vio-300x225.jpg 300w\" sizes=\"(max-width: 445px) 100vw, 445px\" \/><\/p>\n<h4 style=\"text-align: justify;\">A c\u00fapula do DEM da Bahia continua tentando convencer o m\u00e9dico Jos\u00e9 Ot\u00e1vio a ser candidato a prefeito de Itapetinga em 2016. Jos\u00e9 Ot\u00e1vio foi prefeito do munic\u00edpio de 1996 a 2004 e \u00e9 considerado ama das maiores lideran\u00e7as pol\u00edticas da cidade.<\/h4>\n<h4 style=\"text-align: justify;\">Jos\u00e9 Ot\u00e1vio decidiu n\u00e3o se candidato a prefeito em 2008, com isso o seu ex-prefeito Jos\u00e9 Carlos Moura, que tinha sido derrotado em 2004 para Michel Hagge (PMDB), decidiu sair do DEM e se filiou ao PT e foi eleito em 2008 e reeleito em 2012.<\/h4>\n<h4 style=\"text-align: justify;\">Nos bastidores da pol\u00edtica da terra do gado, o nome de Jos\u00e9 Ot\u00e1vio aparece como a lideran\u00e7a que consegue unir a oposi\u00e7\u00e3o e vencer a elei\u00e7\u00e3o com folga. Mas ele continua resistente em n\u00e3o ser candidato, pois pretende priorizar a sua vida profissional.<\/h4>\n","protected":false},"excerpt":{"rendered":"<p>A c\u00fapula do DEM da Bahia continua tentando convencer o m\u00e9dico Jos\u00e9 Ot\u00e1vio a ser candidato a prefeito de Itapetinga em 2016. Jos\u00e9 Ot\u00e1vio foi prefeito do munic\u00edpio de 1996 a 2004 e \u00e9 considerado ama das maiores lideran\u00e7as pol\u00edticas da cidade. Jos\u00e9 Ot\u00e1vio decidiu n\u00e3o se candidato a prefeito em 2008, com isso o [&hellip;]<\/p>\n","protected":false},"author":2,"featured_media":0,"comment_status":"open","ping_status":"open","sticky":false,"template":"","format":"standard","meta":{"footnotes":"","_links_to":"","_links_to_target":""},"categories":[1],"tags":[],"class_list":["post-78779","post","type-post","status-publish","format-standard","hentry","category-geral"],"views":932,"_links":{"self":[{"href":"https:\/\/www.politicosdosuldabahia.com.br\/v1\/wp-json\/wp\/v2\/posts\/78779"}],"collection":[{"href":"https:\/\/www.politicosdosuldabahia.com.br\/v1\/wp-json\/wp\/v2\/posts"}],"about":[{"href":"https:\/\/www.politicosdosuldabahia.com.br\/v1\/wp-json\/wp\/v2\/types\/post"}],"author":[{"embeddable":true,"href":"https:\/\/www.politicosdosuldabahia.com.br\/v1\/wp-json\/wp\/v2\/users\/2"}],"replies":[{"embeddable":true,"href":"https:\/\/www.politicosdosuldabahia.com.br\/v1\/wp-json\/wp\/v2\/comments?post=78779"}],"version-history":[{"count":2,"href":"https:\/\/www.politicosdosuldabahia.com.br\/v1\/wp-json\/wp\/v2\/posts\/78779\/revisions"}],"predecessor-version":[{"id":78782,"href":"https:\/\/www.politicosdosuldabahia.com.br\/v1\/wp-json\/wp\/v2\/posts\/78779\/revisions\/78782"}],"wp:attachment":[{"href":"https:\/\/www.politicosdosuldabahia.com.br\/v1\/wp-json\/wp\/v2\/media?parent=78779"}],"wp:term":[{"taxonomy":"category","embeddable":true,"href":"https:\/\/www.politicosdosuldabahia.com.br\/v1\/wp-json\/wp\/v2\/categories?post=78779"},{"taxonomy":"post_tag","embeddable":true,"href":"https:\/\/www.politicosdosuldabahia.com.br\/v1\/wp-json\/wp\/v2\/tags?post=78779"}],"curies":[{"name":"wp","href":"https:\/\/api.w.org\/{rel}","templated":true}]}}