
{"id":76739,"date":"2015-07-04T10:30:06","date_gmt":"2015-07-04T13:30:06","guid":{"rendered":"http:\/\/www.politicosdosuldabahia.com.br\/v1\/?p=76739"},"modified":"2015-07-04T10:30:06","modified_gmt":"2015-07-04T13:30:06","slug":"em-entrevista-a-tv-camara-bebeto-critica-descaso-do-governo-no-sul-da-bahia","status":"publish","type":"post","link":"https:\/\/www.politicosdosuldabahia.com.br\/v1\/2015\/07\/04\/em-entrevista-a-tv-camara-bebeto-critica-descaso-do-governo-no-sul-da-bahia\/","title":{"rendered":"EM ENTREVISTA \u00c0 TV C\u00c2MARA, BEBETO CRITICA DESCASO DO GOVERNO NO SUL DA BAHIA"},"content":{"rendered":"<p><iframe loading=\"lazy\" src=\"https:\/\/www.youtube.com\/embed\/YQryXR0JuFY\" width=\"445\" height=\"334\" frameborder=\"0\" allowfullscreen=\"allowfullscreen\"><\/iframe><\/p>\n<h4 style=\"text-align: justify;\">A situa\u00e7\u00e3o dif\u00edcil da regi\u00e3o Sul da Bahia foi denunciada durante entrevista do deputado federal Bebeto Galv\u00e3o (PSB) ao programa Palavra Aberta, da TV C\u00e2mara. Na entrevista, o parlamentar enfatizou sobre a import\u00e2ncia econ\u00f4mica e social da regi\u00e3o cacaueira baiana, que nos tempos \u00e1ureos chegou a gerar U$ 1 bilh\u00e3o de receita para o estado, um valor que representou mais de 70% de toda exporta\u00e7\u00e3o da Bahia.<\/h4>\n<h4 style=\"text-align: justify;\">O deputado falou sobre a paralisa\u00e7\u00e3o das obras da t\u00e3o sonhada Ferrovia Oeste Leste, que est\u00e1 com os sete lotes praticante paralisados, al\u00e9m da falta de defini\u00e7\u00e3o sobre o Porto Sul e a necessidade de fortalecimento da CEPLAC, considerado um \u00f3rg\u00e3o estrat\u00e9gico, mas que passou a ser abandonado pelo governo federal. Bebeto aproveitou a entrevista para fazer duras cr\u00edticas ao descaso do poder p\u00fablico com a regi\u00e3o, que amarga um duro per\u00edodo de crise.<\/h4>\n<h4 style=\"text-align: justify;\">\u201cEu costumo dizer que o descaso do poder p\u00fablico consegue ser pior do que a pr\u00f3pria vassoura de bruxa, porque o Estado brasileiro \u00e9 um ente abstrato na vida da nossa regi\u00e3o. Ele n\u00e3o se faz presente na nossa regi\u00e3o, que \u00e9 importante para o estado e para o Brasil\u201d, criticou. Confiram o v\u00eddeo da entrevista, que ser\u00e1 reprisado pela TV C\u00e2mara na segunda-feira (6) em tr\u00eas hor\u00e1rios: 8h, 21h e 23h45.<\/h4>\n","protected":false},"excerpt":{"rendered":"<p>A situa\u00e7\u00e3o dif\u00edcil da regi\u00e3o Sul da Bahia foi denunciada durante entrevista do deputado federal Bebeto Galv\u00e3o (PSB) ao programa Palavra Aberta, da TV C\u00e2mara. Na entrevista, o parlamentar enfatizou sobre a import\u00e2ncia econ\u00f4mica e social da regi\u00e3o cacaueira baiana, que nos tempos \u00e1ureos chegou a gerar U$ 1 bilh\u00e3o de receita para o estado, [&hellip;]<\/p>\n","protected":false},"author":2,"featured_media":0,"comment_status":"open","ping_status":"open","sticky":false,"template":"","format":"standard","meta":{"footnotes":"","_links_to":"","_links_to_target":""},"categories":[1],"tags":[],"class_list":["post-76739","post","type-post","status-publish","format-standard","hentry","category-geral"],"views":889,"_links":{"self":[{"href":"https:\/\/www.politicosdosuldabahia.com.br\/v1\/wp-json\/wp\/v2\/posts\/76739"}],"collection":[{"href":"https:\/\/www.politicosdosuldabahia.com.br\/v1\/wp-json\/wp\/v2\/posts"}],"about":[{"href":"https:\/\/www.politicosdosuldabahia.com.br\/v1\/wp-json\/wp\/v2\/types\/post"}],"author":[{"embeddable":true,"href":"https:\/\/www.politicosdosuldabahia.com.br\/v1\/wp-json\/wp\/v2\/users\/2"}],"replies":[{"embeddable":true,"href":"https:\/\/www.politicosdosuldabahia.com.br\/v1\/wp-json\/wp\/v2\/comments?post=76739"}],"version-history":[{"count":1,"href":"https:\/\/www.politicosdosuldabahia.com.br\/v1\/wp-json\/wp\/v2\/posts\/76739\/revisions"}],"predecessor-version":[{"id":76740,"href":"https:\/\/www.politicosdosuldabahia.com.br\/v1\/wp-json\/wp\/v2\/posts\/76739\/revisions\/76740"}],"wp:attachment":[{"href":"https:\/\/www.politicosdosuldabahia.com.br\/v1\/wp-json\/wp\/v2\/media?parent=76739"}],"wp:term":[{"taxonomy":"category","embeddable":true,"href":"https:\/\/www.politicosdosuldabahia.com.br\/v1\/wp-json\/wp\/v2\/categories?post=76739"},{"taxonomy":"post_tag","embeddable":true,"href":"https:\/\/www.politicosdosuldabahia.com.br\/v1\/wp-json\/wp\/v2\/tags?post=76739"}],"curies":[{"name":"wp","href":"https:\/\/api.w.org\/{rel}","templated":true}]}}