
{"id":7509,"date":"2010-05-20T17:07:43","date_gmt":"2010-05-20T20:07:43","guid":{"rendered":"http:\/\/www.politicosdosuldabahia.com.br\/v1\/?p=7509"},"modified":"2010-05-20T16:49:19","modified_gmt":"2010-05-20T19:49:19","slug":"igreja-assembleia-de-deus-pode-apoiar-wagner","status":"publish","type":"post","link":"https:\/\/www.politicosdosuldabahia.com.br\/v1\/2010\/05\/20\/igreja-assembleia-de-deus-pode-apoiar-wagner\/","title":{"rendered":"IGREJA ASSEMBL\u00c9IA DE DEUS PODE APOIAR WAGNER"},"content":{"rendered":"<h4 style=\"text-align: justify;\"><span style=\"color: #000000;\">O PSC da Bahia j\u00e1 decidiu que vai apoiar Geddel Vieira Lima para o governo do estado. O PSC \u00e9 bastante ligado a igreja Assembl\u00e9ia de Deus e tem como presidente Eliel Santana.<br \/>\n<span style=\"color: #ffffff;\">.<\/span><br \/>\nMas a igreja j\u00e1 n\u00e3o est\u00e1 disposta a apoiar Geddel, dentro da Igreja o coment\u00e1rio \u00e9 que muito provavelmente o judeu Wagner poder\u00e1 receber esse apoio.<br \/>\n<span style=\"color: #ffffff;\">.<\/span><br \/>\nA condi\u00e7\u00e3o para a igreja apoiar Wagner  \u00e9 a doa\u00e7\u00e3o de um terreno na capital do estado, a fim que a Conven\u00e7\u00e3o Estadual das Assembl\u00e9ia de Deus na Bahia (CEADEB) construa uma sede de eventos.<br \/>\n<span style=\"color: #ffffff;\">.<\/span><br \/>\nNa pr\u00f3xima segunda-feira ser\u00e1 realizado um evento na Igreja Assembl\u00e9ia de Deus de Cama\u00e7ari. Que \u00e9 presidida pelo pastor Valdomiro Pereira, que tamb\u00e9m \u00e9 presidente da CEABED.<br \/>\n<span style=\"color: #ffffff;\">.<\/span><br \/>\nNeste evento a expectativa \u00e9 que o governador Wagner assinar\u00e1 o projeto de lei a ser encaminhado a Assembl\u00e9ia Legislativa, para autorizar o chefe de executivo a doar o terreno do estado para a CEADEB.<br \/>\n<span style=\"color: #ffffff;\">.<\/span><br \/>\nNessa mesma reuni\u00e3o da pr\u00f3xima segunda-feira poder\u00e1 ser confirmado o nome de Erivelton Santana, vereador em Salvador, como pr\u00e9-candidato a deputado federal representando a Assembl\u00e9ia de Deus, em substitui\u00e7\u00e3o a Eliel Santana.<br \/>\n<span style=\"color: #ffffff;\">.<\/span><br \/>\nEliel pode ficar com Geddel, mas n\u00e3o deve ser candidato a deputado. Existe a possibilidade dele ser vice de Geddel, mas n\u00e3o ter\u00e1 o apoio da igreja.<\/span><\/h4>\n","protected":false},"excerpt":{"rendered":"<p>O PSC da Bahia j\u00e1 decidiu que vai apoiar Geddel Vieira Lima para o governo do estado. O PSC \u00e9 bastante ligado a igreja Assembl\u00e9ia de Deus e tem como presidente Eliel Santana. . Mas a igreja j\u00e1 n\u00e3o est\u00e1 disposta a apoiar Geddel, dentro da Igreja o coment\u00e1rio \u00e9 que muito provavelmente o judeu [&hellip;]<\/p>\n","protected":false},"author":2,"featured_media":0,"comment_status":"open","ping_status":"open","sticky":false,"template":"","format":"standard","meta":{"footnotes":"","_links_to":"","_links_to_target":""},"categories":[1],"tags":[],"class_list":["post-7509","post","type-post","status-publish","format-standard","hentry","category-geral"],"views":2836,"_links":{"self":[{"href":"https:\/\/www.politicosdosuldabahia.com.br\/v1\/wp-json\/wp\/v2\/posts\/7509"}],"collection":[{"href":"https:\/\/www.politicosdosuldabahia.com.br\/v1\/wp-json\/wp\/v2\/posts"}],"about":[{"href":"https:\/\/www.politicosdosuldabahia.com.br\/v1\/wp-json\/wp\/v2\/types\/post"}],"author":[{"embeddable":true,"href":"https:\/\/www.politicosdosuldabahia.com.br\/v1\/wp-json\/wp\/v2\/users\/2"}],"replies":[{"embeddable":true,"href":"https:\/\/www.politicosdosuldabahia.com.br\/v1\/wp-json\/wp\/v2\/comments?post=7509"}],"version-history":[{"count":2,"href":"https:\/\/www.politicosdosuldabahia.com.br\/v1\/wp-json\/wp\/v2\/posts\/7509\/revisions"}],"predecessor-version":[{"id":7511,"href":"https:\/\/www.politicosdosuldabahia.com.br\/v1\/wp-json\/wp\/v2\/posts\/7509\/revisions\/7511"}],"wp:attachment":[{"href":"https:\/\/www.politicosdosuldabahia.com.br\/v1\/wp-json\/wp\/v2\/media?parent=7509"}],"wp:term":[{"taxonomy":"category","embeddable":true,"href":"https:\/\/www.politicosdosuldabahia.com.br\/v1\/wp-json\/wp\/v2\/categories?post=7509"},{"taxonomy":"post_tag","embeddable":true,"href":"https:\/\/www.politicosdosuldabahia.com.br\/v1\/wp-json\/wp\/v2\/tags?post=7509"}],"curies":[{"name":"wp","href":"https:\/\/api.w.org\/{rel}","templated":true}]}}