
{"id":68146,"date":"2014-06-30T20:12:53","date_gmt":"2014-06-30T23:12:53","guid":{"rendered":"http:\/\/www.politicosdosuldabahia.com.br\/v1\/?p=68146"},"modified":"2014-06-30T20:12:53","modified_gmt":"2014-06-30T23:12:53","slug":"bahia-prp-nacional-determina-que-janio-apoie-rui-costa","status":"publish","type":"post","link":"https:\/\/www.politicosdosuldabahia.com.br\/v1\/2014\/06\/30\/bahia-prp-nacional-determina-que-janio-apoie-rui-costa\/","title":{"rendered":"BAHIA: PRP NACIONAL DETERMINA QUE J\u00c2NIO AP\u00d3IE RUI COSTA"},"content":{"rendered":"<p><img loading=\"lazy\" decoding=\"async\" class=\"aligncenter size-full wp-image-68147\" src=\"http:\/\/www.politicosdosuldabahia.com.br\/v1\/wp-content\/uploads\/2014\/06\/janio-natal22.jpg\" alt=\"janio-natal22\" width=\"349\" height=\"321\" srcset=\"https:\/\/www.politicosdosuldabahia.com.br\/v1\/wp-content\/uploads\/2014\/06\/janio-natal22.jpg 349w, https:\/\/www.politicosdosuldabahia.com.br\/v1\/wp-content\/uploads\/2014\/06\/janio-natal22-300x275.jpg 300w\" sizes=\"(max-width: 349px) 100vw, 349px\" \/><\/p>\n<h4 style=\"text-align: justify;\">O diret\u00f3rio nacional do PRP determinou que o partido na Bahia deve apoiar a candidatura de Rui Costa (PT). Com isso o deputado federal e pr\u00e9-candidato a deputado estadual J\u00e2nio Natal, ficou em uma situa\u00e7\u00e3o delicada.<\/h4>\n<h4 style=\"text-align: justify;\">J\u00e2nio Natal \u00e9 presidente do partido na Bahia e j\u00e1 tinha declarado apoio a Paulo Souto (DEM), ao ponto de mandar fazer adesivos com a frase: \u201c Livre, leve e solto\u201d.<\/h4>\n<h4 style=\"text-align: justify;\">J\u00e2nio Natal foi escolhido para ser o coordenador da campanha de Paulo Souto na regi\u00e3o de Porto Seguro, mas depois desta reviravolta ter\u00e1 que fazer campanha para Rui Costa.<\/h4>\n","protected":false},"excerpt":{"rendered":"<p>O diret\u00f3rio nacional do PRP determinou que o partido na Bahia deve apoiar a candidatura de Rui Costa (PT). Com isso o deputado federal e pr\u00e9-candidato a deputado estadual J\u00e2nio Natal, ficou em uma situa\u00e7\u00e3o delicada. J\u00e2nio Natal \u00e9 presidente do partido na Bahia e j\u00e1 tinha declarado apoio a Paulo Souto (DEM), ao ponto [&hellip;]<\/p>\n","protected":false},"author":2,"featured_media":0,"comment_status":"closed","ping_status":"closed","sticky":false,"template":"","format":"standard","meta":{"footnotes":"","_links_to":"","_links_to_target":""},"categories":[1],"tags":[],"class_list":["post-68146","post","type-post","status-publish","format-standard","hentry","category-geral"],"views":1887,"_links":{"self":[{"href":"https:\/\/www.politicosdosuldabahia.com.br\/v1\/wp-json\/wp\/v2\/posts\/68146"}],"collection":[{"href":"https:\/\/www.politicosdosuldabahia.com.br\/v1\/wp-json\/wp\/v2\/posts"}],"about":[{"href":"https:\/\/www.politicosdosuldabahia.com.br\/v1\/wp-json\/wp\/v2\/types\/post"}],"author":[{"embeddable":true,"href":"https:\/\/www.politicosdosuldabahia.com.br\/v1\/wp-json\/wp\/v2\/users\/2"}],"replies":[{"embeddable":true,"href":"https:\/\/www.politicosdosuldabahia.com.br\/v1\/wp-json\/wp\/v2\/comments?post=68146"}],"version-history":[{"count":1,"href":"https:\/\/www.politicosdosuldabahia.com.br\/v1\/wp-json\/wp\/v2\/posts\/68146\/revisions"}],"predecessor-version":[{"id":68148,"href":"https:\/\/www.politicosdosuldabahia.com.br\/v1\/wp-json\/wp\/v2\/posts\/68146\/revisions\/68148"}],"wp:attachment":[{"href":"https:\/\/www.politicosdosuldabahia.com.br\/v1\/wp-json\/wp\/v2\/media?parent=68146"}],"wp:term":[{"taxonomy":"category","embeddable":true,"href":"https:\/\/www.politicosdosuldabahia.com.br\/v1\/wp-json\/wp\/v2\/categories?post=68146"},{"taxonomy":"post_tag","embeddable":true,"href":"https:\/\/www.politicosdosuldabahia.com.br\/v1\/wp-json\/wp\/v2\/tags?post=68146"}],"curies":[{"name":"wp","href":"https:\/\/api.w.org\/{rel}","templated":true}]}}