
{"id":65921,"date":"2014-03-27T08:37:13","date_gmt":"2014-03-27T11:37:13","guid":{"rendered":"http:\/\/www.politicosdosuldabahia.com.br\/v1\/?p=65921"},"modified":"2014-03-27T00:45:45","modified_gmt":"2014-03-27T03:45:45","slug":"itabuna-vereador-chico-reis-chama-vice-prefeito-wenceslau-de-mentiroso","status":"publish","type":"post","link":"https:\/\/www.politicosdosuldabahia.com.br\/v1\/2014\/03\/27\/itabuna-vereador-chico-reis-chama-vice-prefeito-wenceslau-de-mentiroso\/","title":{"rendered":"ITABUNA: VEREADOR CHICO REIS CHAMA VICE-PREFEITO WENCESLAU DE MENTIROSO"},"content":{"rendered":"<p><img loading=\"lazy\" decoding=\"async\" class=\"aligncenter size-full wp-image-65922\" alt=\"IMG_4143\" src=\"http:\/\/www.politicosdosuldabahia.com.br\/v1\/wp-content\/uploads\/2014\/03\/IMG_4143.jpg\" width=\"400\" height=\"300\" srcset=\"https:\/\/www.politicosdosuldabahia.com.br\/v1\/wp-content\/uploads\/2014\/03\/IMG_4143.jpg 400w, https:\/\/www.politicosdosuldabahia.com.br\/v1\/wp-content\/uploads\/2014\/03\/IMG_4143-300x225.jpg 300w\" sizes=\"(max-width: 400px) 100vw, 400px\" \/><\/p>\n<h4 style=\"text-align: justify;\">Nesta quarta-feira o clima ficou tenso na c\u00e2mara de vereadores de Itabuna logo ap\u00f3s a a sess\u00e3o ordin\u00e1ria que debateu com o poder executivo a situa\u00e7\u00e3o ca\u00f3tica em que se encontra a sa\u00fade do munic\u00edpio grapi\u00fana \u2013 refer\u00eancia regional em sa\u00fade num passado n\u00e3o t\u00e3o distante.<\/h4>\n<h4 style=\"text-align: justify;\">No final da sess\u00e3o o vereador Chico Reis (PRP), em voz alta chamou o vice-prefeito Wenceslau Junior (PC do B), de \u201cmentiroso e que n\u00e3o cumpre a palavra\u201d. O vereador ficou por alguns minutos criticando o vice-prefeito que optou por n\u00e3o entrar em atrito e saiu pela tangente.<\/h4>\n<h4 style=\"text-align: justify;\">Chico Reis declarou que desde dezembro de 2013 que est\u00e1 esperando uma posi\u00e7\u00e3o de Wenceslau, mas at\u00e9 agora nada dele honrar a palavra. O edil foi contido pelo colega Z\u00e9 Silva (PSDB), e o vice-prefeito aproveitou e acabou saindo da c\u00e2mara.<\/h4>\n","protected":false},"excerpt":{"rendered":"<p>Nesta quarta-feira o clima ficou tenso na c\u00e2mara de vereadores de Itabuna logo ap\u00f3s a a sess\u00e3o ordin\u00e1ria que debateu com o poder executivo a situa\u00e7\u00e3o ca\u00f3tica em que se encontra a sa\u00fade do munic\u00edpio grapi\u00fana \u2013 refer\u00eancia regional em sa\u00fade num passado n\u00e3o t\u00e3o distante. No final da sess\u00e3o o vereador Chico Reis (PRP), [&hellip;]<\/p>\n","protected":false},"author":2,"featured_media":0,"comment_status":"open","ping_status":"open","sticky":false,"template":"","format":"standard","meta":{"footnotes":"","_links_to":"","_links_to_target":""},"categories":[1],"tags":[],"class_list":["post-65921","post","type-post","status-publish","format-standard","hentry","category-geral"],"views":2110,"_links":{"self":[{"href":"https:\/\/www.politicosdosuldabahia.com.br\/v1\/wp-json\/wp\/v2\/posts\/65921"}],"collection":[{"href":"https:\/\/www.politicosdosuldabahia.com.br\/v1\/wp-json\/wp\/v2\/posts"}],"about":[{"href":"https:\/\/www.politicosdosuldabahia.com.br\/v1\/wp-json\/wp\/v2\/types\/post"}],"author":[{"embeddable":true,"href":"https:\/\/www.politicosdosuldabahia.com.br\/v1\/wp-json\/wp\/v2\/users\/2"}],"replies":[{"embeddable":true,"href":"https:\/\/www.politicosdosuldabahia.com.br\/v1\/wp-json\/wp\/v2\/comments?post=65921"}],"version-history":[{"count":1,"href":"https:\/\/www.politicosdosuldabahia.com.br\/v1\/wp-json\/wp\/v2\/posts\/65921\/revisions"}],"predecessor-version":[{"id":65923,"href":"https:\/\/www.politicosdosuldabahia.com.br\/v1\/wp-json\/wp\/v2\/posts\/65921\/revisions\/65923"}],"wp:attachment":[{"href":"https:\/\/www.politicosdosuldabahia.com.br\/v1\/wp-json\/wp\/v2\/media?parent=65921"}],"wp:term":[{"taxonomy":"category","embeddable":true,"href":"https:\/\/www.politicosdosuldabahia.com.br\/v1\/wp-json\/wp\/v2\/categories?post=65921"},{"taxonomy":"post_tag","embeddable":true,"href":"https:\/\/www.politicosdosuldabahia.com.br\/v1\/wp-json\/wp\/v2\/tags?post=65921"}],"curies":[{"name":"wp","href":"https:\/\/api.w.org\/{rel}","templated":true}]}}