
{"id":64273,"date":"2014-01-17T18:27:20","date_gmt":"2014-01-17T21:27:20","guid":{"rendered":"http:\/\/www.politicosdosuldabahia.com.br\/v1\/?p=64273"},"modified":"2014-01-17T19:26:58","modified_gmt":"2014-01-17T22:26:58","slug":"itabuna-ministerio-publico-faz-recomendacao-para-cancelamento-do-carnaval-antecipado","status":"publish","type":"post","link":"https:\/\/www.politicosdosuldabahia.com.br\/v1\/2014\/01\/17\/itabuna-ministerio-publico-faz-recomendacao-para-cancelamento-do-carnaval-antecipado\/","title":{"rendered":"ITABUNA: MINIST\u00c9RIO P\u00daBLICO FAZ RECOMENDA\u00c7\u00c3O  PARA CANCELAMENTO DO CARNAVAL ANTECIPADO"},"content":{"rendered":"<p style=\"text-align: center;\"><img loading=\"lazy\" decoding=\"async\" class=\"aligncenter  wp-image-64275\" alt=\"carb\" src=\"http:\/\/www.politicosdosuldabahia.com.br\/v1\/wp-content\/uploads\/2014\/01\/carb.jpg\" width=\"410\" height=\"445\" srcset=\"https:\/\/www.politicosdosuldabahia.com.br\/v1\/wp-content\/uploads\/2014\/01\/carb.jpg 586w, https:\/\/www.politicosdosuldabahia.com.br\/v1\/wp-content\/uploads\/2014\/01\/carb-276x300.jpg 276w\" sizes=\"(max-width: 410px) 100vw, 410px\" \/><\/p>\n<h4 style=\"text-align: justify;\">O Minist\u00e9rio P\u00fablico da Bahia, atrav\u00e9s do Promotor de Justi\u00e7a Patrick Pires da Costa, encaminhou, na data de hoje, recomenda\u00e7\u00e3o ao Prefeito do Munic\u00edpio de Itabuna, Claudevane Leite (PRB), para o cancelamento do Carnaval Antecipado do munic\u00edpio.<\/h4>\n<h4 style=\"text-align: justify;\">A festa est\u00e1 prevista para o per\u00edodo de 13 a 16 de fevereiro de 2014. O Promotor de Justi\u00e7a alega que o munic\u00edpio encontra-se em estado de \u201cemerg\u00eancia\u201d, em fun\u00e7\u00e3o das fortes chuvas, por isso a realiza\u00e7\u00e3o do carnaval configura viola\u00e7\u00e3o ao \u201cprincipio da administra\u00e7\u00e3o insculpidos na constitui\u00e7\u00e3o federal\u201d.<\/h4>\n<h4 style=\"text-align: justify;\">Patrick Pires tamb\u00e9m alega que o munic\u00edpio est\u00e1 na imin\u00eancia de um \u201cnovo surto epid\u00eamico de dengue\u201d: \u201c a prefeitura abriu contrata\u00e7\u00e3o emerg\u00eancia de agentes de combate a endemias em fun\u00e7\u00e3o do resultado do LIRA\u201d.<\/h4>\n<h4 style=\"text-align: justify;\">Para Patrick, mesmo a iniciativa privada contratando as bandas, a prefeitura ter\u00e1 gasto com a publicidade do evento. E que o carnaval gera custo indireto \u00a0incalcul\u00e1vel.<\/h4>\n<h4 style=\"text-align: justify;\">O prefeito Claudevane Leite (PRB),tem o prazo de 10 dias para se pronunciar sobre a medida do Minist\u00e9rio P\u00fablico, caso contr\u00e1rio dever\u00e1 responder judicialmente.<\/h4>\n<p>&nbsp;<\/p>\n<p style=\"text-align: center;\"><img loading=\"lazy\" decoding=\"async\" class=\"aligncenter  wp-image-64274\" alt=\"car\" src=\"http:\/\/www.politicosdosuldabahia.com.br\/v1\/wp-content\/uploads\/2014\/01\/car.jpg\" width=\"424\" height=\"430\" srcset=\"https:\/\/www.politicosdosuldabahia.com.br\/v1\/wp-content\/uploads\/2014\/01\/car.jpg 589w, https:\/\/www.politicosdosuldabahia.com.br\/v1\/wp-content\/uploads\/2014\/01\/car-295x300.jpg 295w\" sizes=\"(max-width: 424px) 100vw, 424px\" \/><\/p>\n","protected":false},"excerpt":{"rendered":"<p>O Minist\u00e9rio P\u00fablico da Bahia, atrav\u00e9s do Promotor de Justi\u00e7a Patrick Pires da Costa, encaminhou, na data de hoje, recomenda\u00e7\u00e3o ao Prefeito do Munic\u00edpio de Itabuna, Claudevane Leite (PRB), para o cancelamento do Carnaval Antecipado do munic\u00edpio. A festa est\u00e1 prevista para o per\u00edodo de 13 a 16 de fevereiro de 2014. O Promotor de [&hellip;]<\/p>\n","protected":false},"author":2,"featured_media":0,"comment_status":"open","ping_status":"open","sticky":false,"template":"","format":"standard","meta":{"footnotes":"","_links_to":"","_links_to_target":""},"categories":[1],"tags":[],"class_list":["post-64273","post","type-post","status-publish","format-standard","hentry","category-geral"],"views":3932,"_links":{"self":[{"href":"https:\/\/www.politicosdosuldabahia.com.br\/v1\/wp-json\/wp\/v2\/posts\/64273"}],"collection":[{"href":"https:\/\/www.politicosdosuldabahia.com.br\/v1\/wp-json\/wp\/v2\/posts"}],"about":[{"href":"https:\/\/www.politicosdosuldabahia.com.br\/v1\/wp-json\/wp\/v2\/types\/post"}],"author":[{"embeddable":true,"href":"https:\/\/www.politicosdosuldabahia.com.br\/v1\/wp-json\/wp\/v2\/users\/2"}],"replies":[{"embeddable":true,"href":"https:\/\/www.politicosdosuldabahia.com.br\/v1\/wp-json\/wp\/v2\/comments?post=64273"}],"version-history":[{"count":3,"href":"https:\/\/www.politicosdosuldabahia.com.br\/v1\/wp-json\/wp\/v2\/posts\/64273\/revisions"}],"predecessor-version":[{"id":64278,"href":"https:\/\/www.politicosdosuldabahia.com.br\/v1\/wp-json\/wp\/v2\/posts\/64273\/revisions\/64278"}],"wp:attachment":[{"href":"https:\/\/www.politicosdosuldabahia.com.br\/v1\/wp-json\/wp\/v2\/media?parent=64273"}],"wp:term":[{"taxonomy":"category","embeddable":true,"href":"https:\/\/www.politicosdosuldabahia.com.br\/v1\/wp-json\/wp\/v2\/categories?post=64273"},{"taxonomy":"post_tag","embeddable":true,"href":"https:\/\/www.politicosdosuldabahia.com.br\/v1\/wp-json\/wp\/v2\/tags?post=64273"}],"curies":[{"name":"wp","href":"https:\/\/api.w.org\/{rel}","templated":true}]}}