
{"id":58646,"date":"2013-08-01T22:37:29","date_gmt":"2013-08-02T01:37:29","guid":{"rendered":"http:\/\/www.politicosdosuldabahia.com.br\/v1\/?p=58646"},"modified":"2013-08-01T22:37:29","modified_gmt":"2013-08-02T01:37:29","slug":"itabuna-plinio-adry-sera-o-novo-secretario-de-saude-2","status":"publish","type":"post","link":"https:\/\/www.politicosdosuldabahia.com.br\/v1\/2013\/08\/01\/itabuna-plinio-adry-sera-o-novo-secretario-de-saude-2\/","title":{"rendered":"ITABUNA: PL\u00cdNIO ADRY SER\u00c1 O NOVO SECRET\u00c1RIO DE SA\u00daDE"},"content":{"rendered":"<p style=\"text-align: center;\"><a href=\"http:\/\/www.politicosdosuldabahia.com.br\/v1\/2013\/08\/01\/itabuna-pc-do-b-convida-plinio-adry-para-a-saude\/427702_316561241722980_1504987788_n\/\" rel=\"attachment wp-att-58618\"><img loading=\"lazy\" decoding=\"async\" class=\"aligncenter  wp-image-58618\" alt=\"427702_316561241722980_1504987788_n\" src=\"http:\/\/www.politicosdosuldabahia.com.br\/v1\/wp-content\/uploads\/2013\/08\/427702_316561241722980_1504987788_n.jpg\" width=\"230\" height=\"346\" srcset=\"https:\/\/www.politicosdosuldabahia.com.br\/v1\/wp-content\/uploads\/2013\/08\/427702_316561241722980_1504987788_n.jpg 638w, https:\/\/www.politicosdosuldabahia.com.br\/v1\/wp-content\/uploads\/2013\/08\/427702_316561241722980_1504987788_n-199x300.jpg 199w\" sizes=\"(max-width: 230px) 100vw, 230px\" \/><\/a><\/p>\n<h4 style=\"text-align: justify;\">No in\u00edcio da noite desta quinta-feira o prefeito de Itabuna, Claudevane Leite (PRB), confirmou que o m\u00e9dico Pl\u00ednio Adry ser\u00e1 o novo secret\u00e1rio de sa\u00fade.<\/h4>\n<h4 style=\"text-align: justify;\">Pl\u00ednio Adry vai priorizar a sa\u00fade b\u00e1sica, o resto deixar\u00e1 com o corpo t\u00e9cnico da secretaria.<\/h4>\n<h4 style=\"text-align: justify;\">A Rede b\u00e1sica de sa\u00fade foi decisivo para a exonera\u00e7\u00e3o do ent\u00e3o secret\u00e1rio Renan Araujo. Com o retorno da gest\u00e3o plena da sa\u00fade neste m\u00eas de agosto, o novo secret\u00e1rio ter\u00e1 mais recursos para melhorar a Rede b\u00e1sica do munic\u00edpio.<\/h4>\n","protected":false},"excerpt":{"rendered":"<p>No in\u00edcio da noite desta quinta-feira o prefeito de Itabuna, Claudevane Leite (PRB), confirmou que o m\u00e9dico Pl\u00ednio Adry ser\u00e1 o novo secret\u00e1rio de sa\u00fade. Pl\u00ednio Adry vai priorizar a sa\u00fade b\u00e1sica, o resto deixar\u00e1 com o corpo t\u00e9cnico da secretaria. A Rede b\u00e1sica de sa\u00fade foi decisivo para a exonera\u00e7\u00e3o do ent\u00e3o secret\u00e1rio Renan [&hellip;]<\/p>\n","protected":false},"author":2,"featured_media":0,"comment_status":"open","ping_status":"open","sticky":false,"template":"","format":"standard","meta":{"footnotes":"","_links_to":"","_links_to_target":""},"categories":[1],"tags":[],"class_list":["post-58646","post","type-post","status-publish","format-standard","hentry","category-geral"],"views":2546,"_links":{"self":[{"href":"https:\/\/www.politicosdosuldabahia.com.br\/v1\/wp-json\/wp\/v2\/posts\/58646"}],"collection":[{"href":"https:\/\/www.politicosdosuldabahia.com.br\/v1\/wp-json\/wp\/v2\/posts"}],"about":[{"href":"https:\/\/www.politicosdosuldabahia.com.br\/v1\/wp-json\/wp\/v2\/types\/post"}],"author":[{"embeddable":true,"href":"https:\/\/www.politicosdosuldabahia.com.br\/v1\/wp-json\/wp\/v2\/users\/2"}],"replies":[{"embeddable":true,"href":"https:\/\/www.politicosdosuldabahia.com.br\/v1\/wp-json\/wp\/v2\/comments?post=58646"}],"version-history":[{"count":1,"href":"https:\/\/www.politicosdosuldabahia.com.br\/v1\/wp-json\/wp\/v2\/posts\/58646\/revisions"}],"predecessor-version":[{"id":58647,"href":"https:\/\/www.politicosdosuldabahia.com.br\/v1\/wp-json\/wp\/v2\/posts\/58646\/revisions\/58647"}],"wp:attachment":[{"href":"https:\/\/www.politicosdosuldabahia.com.br\/v1\/wp-json\/wp\/v2\/media?parent=58646"}],"wp:term":[{"taxonomy":"category","embeddable":true,"href":"https:\/\/www.politicosdosuldabahia.com.br\/v1\/wp-json\/wp\/v2\/categories?post=58646"},{"taxonomy":"post_tag","embeddable":true,"href":"https:\/\/www.politicosdosuldabahia.com.br\/v1\/wp-json\/wp\/v2\/tags?post=58646"}],"curies":[{"name":"wp","href":"https:\/\/api.w.org\/{rel}","templated":true}]}}