
{"id":56557,"date":"2013-06-11T19:17:42","date_gmt":"2013-06-11T22:17:42","guid":{"rendered":"http:\/\/www.politicosdosuldabahia.com.br\/v1\/?p=56557"},"modified":"2013-06-11T19:17:43","modified_gmt":"2013-06-11T22:17:43","slug":"itabuna-prefeitura-garante-instalacoes-para-funcionamento-da-ufesba-em-2014","status":"publish","type":"post","link":"https:\/\/www.politicosdosuldabahia.com.br\/v1\/2013\/06\/11\/itabuna-prefeitura-garante-instalacoes-para-funcionamento-da-ufesba-em-2014\/","title":{"rendered":"ITABUNA: PREFEITURA GARANTE INSTALA\u00c7\u00d5ES PARA FUNCIONAMENTO DA UFESBA EM 2014"},"content":{"rendered":"<p style=\"text-align: center;\"><a href=\"http:\/\/www.politicosdosuldabahia.com.br\/v1\/2013\/06\/11\/itabuna-prefeitura-garante-instalacoes-para-funcionamento-da-ufesba-em-2014\/secretario-de-fazenda-marcos-cerqueira-e-prefeito-vane-visitam-o-predio-em-ferradas-foto-gabriel-de-oliveira-2\/\" rel=\"attachment wp-att-56559\"><img loading=\"lazy\" decoding=\"async\" class=\"aligncenter  wp-image-56559\" alt=\"Secret\u00e1rio de Fazenda, Marcos Cerqueira, e prefeito Vane visitam o pr\u00e9dio em Ferradas - Foto Gabriel de Oliveira\" src=\"http:\/\/www.politicosdosuldabahia.com.br\/v1\/wp-content\/uploads\/2013\/06\/Secret\u00e1rio-de-Fazenda-Marcos-Cerqueira-e-prefeito-Vane-visitam-o-pr\u00e9dio-em-Ferradas-Foto-Gabriel-de-Oliveira1.jpg\" width=\"365\" height=\"242\" srcset=\"https:\/\/www.politicosdosuldabahia.com.br\/v1\/wp-content\/uploads\/2013\/06\/Secret\u00e1rio-de-Fazenda-Marcos-Cerqueira-e-prefeito-Vane-visitam-o-pr\u00e9dio-em-Ferradas-Foto-Gabriel-de-Oliveira1.jpg 1772w, https:\/\/www.politicosdosuldabahia.com.br\/v1\/wp-content\/uploads\/2013\/06\/Secret\u00e1rio-de-Fazenda-Marcos-Cerqueira-e-prefeito-Vane-visitam-o-pr\u00e9dio-em-Ferradas-Foto-Gabriel-de-Oliveira1-300x199.jpg 300w, https:\/\/www.politicosdosuldabahia.com.br\/v1\/wp-content\/uploads\/2013\/06\/Secret\u00e1rio-de-Fazenda-Marcos-Cerqueira-e-prefeito-Vane-visitam-o-pr\u00e9dio-em-Ferradas-Foto-Gabriel-de-Oliveira1-1024x680.jpg 1024w\" sizes=\"(max-width: 365px) 100vw, 365px\" \/><\/a><\/p>\n<h4 style=\"text-align: justify;\">O prefeito Claudevane Leite autorizou o aluguel do pr\u00e9dio onde funcionava a sede do antigo Grupo Messias, no bairro de Ferradas, para a instala\u00e7\u00e3o em Itabuna da reitoria e do campus provis\u00f3rio da Universidade Federal do Sul da Bahia &#8211; UFESBA.<\/h4>\n<h4 style=\"text-align: justify;\">O local j\u00e1 tinha sido vistoriado pelo coordenador da Comiss\u00e3o de Implanta\u00e7\u00e3o e prov\u00e1vel reitor da universidade, professor Naomar Almeida Filho, que o considerou a melhor op\u00e7\u00e3o existente na cidade para o funcionamento da UFESBA at\u00e9 a inaugura\u00e7\u00e3o do seu campus definitivo.<\/h4>\n<h4 style=\"text-align: justify;\">O prefeito de Itabuna tamb\u00e9m esteve no local antes de dar a palavra final para o aluguel do im\u00f3vel. Vane disse que a administra\u00e7\u00e3o municipal procurou ser \u00e1gil na defini\u00e7\u00e3o do local para instala\u00e7\u00e3o da reitoria e das salas de aula que v\u00e3o assegurar o in\u00edcio do funcionamento da UFESBA j\u00e1 no ano que vem.<\/h4>\n<h4 style=\"text-align: justify;\">\u201cDesde o come\u00e7o entendemos a universidade como uma prioridade. A sua chegada a Itabuna vai mudar a cidade e a regi\u00e3o, que dar\u00e3o um salto qualitativo de desenvolvimento. Eu considero a implanta\u00e7\u00e3o da universidade federal um dos mais importantes empreendimentos da hist\u00f3ria do munic\u00edpio, ao lado da rodovia BR-101 e da Ceplac\u201d, salienta o prefeito.<\/h4>\n<h4 style=\"text-align: justify;\">Agora, segundo o reitor, a equipe de implanta\u00e7\u00e3o ter\u00e1 um enorme desafio: montar os cursos, realizar concursos p\u00fablicos, recrutar docentes e servidores, equipar os Col\u00e9gios Universit\u00e1rios e os campi da UFESBA, tudo isso em prazo recorde de pouco mais de um ano. Naomar confia que \u201ccom a colabora\u00e7\u00e3o da sociedade grapi\u00fana, de suas lideran\u00e7as pol\u00edticas e de toda a popula\u00e7\u00e3o da Regi\u00e3o Sul e do Extremo-Sul da Bahia, com certeza teremos \u00eaxito nessa grata miss\u00e3o\u201d.<\/h4>\n","protected":false},"excerpt":{"rendered":"<p>O prefeito Claudevane Leite autorizou o aluguel do pr\u00e9dio onde funcionava a sede do antigo Grupo Messias, no bairro de Ferradas, para a instala\u00e7\u00e3o em Itabuna da reitoria e do campus provis\u00f3rio da Universidade Federal do Sul da Bahia &#8211; UFESBA. O local j\u00e1 tinha sido vistoriado pelo coordenador da Comiss\u00e3o de Implanta\u00e7\u00e3o e prov\u00e1vel [&hellip;]<\/p>\n","protected":false},"author":2,"featured_media":0,"comment_status":"open","ping_status":"open","sticky":false,"template":"","format":"standard","meta":{"footnotes":"","_links_to":"","_links_to_target":""},"categories":[1],"tags":[],"class_list":["post-56557","post","type-post","status-publish","format-standard","hentry","category-geral"],"views":2466,"_links":{"self":[{"href":"https:\/\/www.politicosdosuldabahia.com.br\/v1\/wp-json\/wp\/v2\/posts\/56557"}],"collection":[{"href":"https:\/\/www.politicosdosuldabahia.com.br\/v1\/wp-json\/wp\/v2\/posts"}],"about":[{"href":"https:\/\/www.politicosdosuldabahia.com.br\/v1\/wp-json\/wp\/v2\/types\/post"}],"author":[{"embeddable":true,"href":"https:\/\/www.politicosdosuldabahia.com.br\/v1\/wp-json\/wp\/v2\/users\/2"}],"replies":[{"embeddable":true,"href":"https:\/\/www.politicosdosuldabahia.com.br\/v1\/wp-json\/wp\/v2\/comments?post=56557"}],"version-history":[{"count":4,"href":"https:\/\/www.politicosdosuldabahia.com.br\/v1\/wp-json\/wp\/v2\/posts\/56557\/revisions"}],"predecessor-version":[{"id":56563,"href":"https:\/\/www.politicosdosuldabahia.com.br\/v1\/wp-json\/wp\/v2\/posts\/56557\/revisions\/56563"}],"wp:attachment":[{"href":"https:\/\/www.politicosdosuldabahia.com.br\/v1\/wp-json\/wp\/v2\/media?parent=56557"}],"wp:term":[{"taxonomy":"category","embeddable":true,"href":"https:\/\/www.politicosdosuldabahia.com.br\/v1\/wp-json\/wp\/v2\/categories?post=56557"},{"taxonomy":"post_tag","embeddable":true,"href":"https:\/\/www.politicosdosuldabahia.com.br\/v1\/wp-json\/wp\/v2\/tags?post=56557"}],"curies":[{"name":"wp","href":"https:\/\/api.w.org\/{rel}","templated":true}]}}