
{"id":56072,"date":"2013-05-28T15:29:52","date_gmt":"2013-05-28T18:29:52","guid":{"rendered":"http:\/\/www.politicosdosuldabahia.com.br\/v1\/?p=56072"},"modified":"2013-05-28T15:29:52","modified_gmt":"2013-05-28T18:29:52","slug":"itajuipe-futuro-do-municipio-e-discutido-na-3a-conferencia-da-cidade","status":"publish","type":"post","link":"https:\/\/www.politicosdosuldabahia.com.br\/v1\/2013\/05\/28\/itajuipe-futuro-do-municipio-e-discutido-na-3a-conferencia-da-cidade\/","title":{"rendered":"ITAJU\u00cdPE:  FUTURO DO MUNIC\u00cdPIO  \u00c9 DISCUTIDO NA 3\u00aa CONFER\u00caNCIA DA CIDADE"},"content":{"rendered":"<p style=\"text-align: center;\"><a href=\"http:\/\/www.politicosdosuldabahia.com.br\/v1\/2013\/05\/20\/itajuipe-prefeita-garante-funcionamento-de-hospital\/_dsc8483\/\" rel=\"attachment wp-att-55730\"><img loading=\"lazy\" decoding=\"async\" class=\"aligncenter  wp-image-55730\" alt=\"_DSC8483\" src=\"http:\/\/www.politicosdosuldabahia.com.br\/v1\/wp-content\/uploads\/2013\/05\/DSC8483.jpg\" width=\"307\" height=\"313\" srcset=\"https:\/\/www.politicosdosuldabahia.com.br\/v1\/wp-content\/uploads\/2013\/05\/DSC8483.jpg 512w, https:\/\/www.politicosdosuldabahia.com.br\/v1\/wp-content\/uploads\/2013\/05\/DSC8483-294x300.jpg 294w\" sizes=\"(max-width: 307px) 100vw, 307px\" \/><\/a><\/p>\n<h4 style=\"text-align: justify;\">Temas como saneamento b\u00e1sico, mobilidade urbana, ordenamento territorial e meio ambiente, entre outros, estar\u00e3o em debate na 3\u00aa Confer\u00eancia da Cidade de Itaju\u00edpe a ser realizada durante toda esta quarta-feira (29), no Sal\u00e3o Paroquial da Matriz do Sagrado Cora\u00e7\u00e3o de Jesus.<\/h4>\n<h4 style=\"text-align: justify;\">O encontro reunir\u00e1 t\u00e9cnicos de diversas \u00e1reas, dirigentes de entidades de classe, sindicalistas, pol\u00edticos, l\u00edderes populares e a comunidade em geral. O objetivo \u00e9 discutir id\u00e9ias que possam contribuir para a defini\u00e7\u00e3o de pol\u00edticas p\u00fablicas capazes de alavancar, de modo organizado, o desenvolvimento do munic\u00edpio.<\/h4>\n<h4 style=\"text-align: justify;\">A prefeita Gilka Badar\u00f3 entende a Confer\u00eancia como algo \u201cextremamente importante para o futuro de Itaju\u00edpe e da sua gente\u201d porque \u201cser\u00e1 uma oportunidade em que todos poder\u00e3o dizer o que pensa e o que quer para a nossa cidade\u201d.<\/h4>\n<h4 style=\"text-align: justify;\">\u201cA Confer\u00eancia \u00e9 uma coisa extraordin\u00e1ria, revolucion\u00e1ria e que nos permite pensar o futuro da terra em que vivemos. Isso n\u00e3o \u00e9 pouco, n\u00e3o. \u00c9 o futuro de Itaju\u00edpe que estar\u00e1 em discuss\u00e3o\u201d, atesta a prefeita.<\/h4>\n<h4 style=\"text-align: justify;\">Durante o evento, realizado com total apoio da prefeitura do munic\u00edpio, ser\u00e3o eleitos seis delegados que ir\u00e3o representar Itaju\u00edpe na Confer\u00eancia Estadual a ser realizada entre os meses de julho e setembro deste ano.<\/h4>\n","protected":false},"excerpt":{"rendered":"<p>Temas como saneamento b\u00e1sico, mobilidade urbana, ordenamento territorial e meio ambiente, entre outros, estar\u00e3o em debate na 3\u00aa Confer\u00eancia da Cidade de Itaju\u00edpe a ser realizada durante toda esta quarta-feira (29), no Sal\u00e3o Paroquial da Matriz do Sagrado Cora\u00e7\u00e3o de Jesus. O encontro reunir\u00e1 t\u00e9cnicos de diversas \u00e1reas, dirigentes de entidades de classe, sindicalistas, pol\u00edticos, [&hellip;]<\/p>\n","protected":false},"author":2,"featured_media":0,"comment_status":"open","ping_status":"open","sticky":false,"template":"","format":"standard","meta":{"footnotes":"","_links_to":"","_links_to_target":""},"categories":[1],"tags":[],"class_list":["post-56072","post","type-post","status-publish","format-standard","hentry","category-geral"],"views":1461,"_links":{"self":[{"href":"https:\/\/www.politicosdosuldabahia.com.br\/v1\/wp-json\/wp\/v2\/posts\/56072"}],"collection":[{"href":"https:\/\/www.politicosdosuldabahia.com.br\/v1\/wp-json\/wp\/v2\/posts"}],"about":[{"href":"https:\/\/www.politicosdosuldabahia.com.br\/v1\/wp-json\/wp\/v2\/types\/post"}],"author":[{"embeddable":true,"href":"https:\/\/www.politicosdosuldabahia.com.br\/v1\/wp-json\/wp\/v2\/users\/2"}],"replies":[{"embeddable":true,"href":"https:\/\/www.politicosdosuldabahia.com.br\/v1\/wp-json\/wp\/v2\/comments?post=56072"}],"version-history":[{"count":2,"href":"https:\/\/www.politicosdosuldabahia.com.br\/v1\/wp-json\/wp\/v2\/posts\/56072\/revisions"}],"predecessor-version":[{"id":56074,"href":"https:\/\/www.politicosdosuldabahia.com.br\/v1\/wp-json\/wp\/v2\/posts\/56072\/revisions\/56074"}],"wp:attachment":[{"href":"https:\/\/www.politicosdosuldabahia.com.br\/v1\/wp-json\/wp\/v2\/media?parent=56072"}],"wp:term":[{"taxonomy":"category","embeddable":true,"href":"https:\/\/www.politicosdosuldabahia.com.br\/v1\/wp-json\/wp\/v2\/categories?post=56072"},{"taxonomy":"post_tag","embeddable":true,"href":"https:\/\/www.politicosdosuldabahia.com.br\/v1\/wp-json\/wp\/v2\/tags?post=56072"}],"curies":[{"name":"wp","href":"https:\/\/api.w.org\/{rel}","templated":true}]}}