
{"id":55369,"date":"2013-05-13T06:47:47","date_gmt":"2013-05-13T09:47:47","guid":{"rendered":"http:\/\/www.politicosdosuldabahia.com.br\/v1\/?p=55369"},"modified":"2013-05-12T23:51:55","modified_gmt":"2013-05-13T02:51:55","slug":"itajuipe-brindes-e-muito-lazer-para-maes-carentes","status":"publish","type":"post","link":"https:\/\/www.politicosdosuldabahia.com.br\/v1\/2013\/05\/13\/itajuipe-brindes-e-muito-lazer-para-maes-carentes\/","title":{"rendered":"ITAJU\u00cdPE: BRINDES E MUITO LAZER PARA M\u00c3ES CARENTES"},"content":{"rendered":"<p><a href=\"http:\/\/www.politicosdosuldabahia.com.br\/v1\/?attachment_id=55370\" rel=\"attachment wp-att-55370\"><img loading=\"lazy\" decoding=\"async\" class=\"aligncenter size-full wp-image-55370\" alt=\"390751_593636300661316_400308537_n\" src=\"http:\/\/www.politicosdosuldabahia.com.br\/v1\/wp-content\/uploads\/2013\/05\/390751_593636300661316_400308537_n.jpg\" width=\"320\" height=\"212\" srcset=\"https:\/\/www.politicosdosuldabahia.com.br\/v1\/wp-content\/uploads\/2013\/05\/390751_593636300661316_400308537_n.jpg 320w, https:\/\/www.politicosdosuldabahia.com.br\/v1\/wp-content\/uploads\/2013\/05\/390751_593636300661316_400308537_n-300x198.jpg 300w\" sizes=\"(max-width: 320px) 100vw, 320px\" \/><\/a><\/p>\n<h4 style=\"text-align: justify;\">O Dia das M\u00e3es, comemorado neste domingo (12), vem sendo festejado em Itaju\u00edpe desde a sexta-feira (10), com a realiza\u00e7\u00e3o de uma s\u00e9rie de atividades sociais e de entretenimento e lazer promovidas pela prefeitura do munic\u00edpio. A programa\u00e7\u00e3o social inclui distribui\u00e7\u00e3o gratuita de flores, cestas b\u00e1sicas e eletrodom\u00e9sticos.<\/h4>\n<h4 style=\"text-align: justify;\">Entre os aparelhos est\u00e3o ventiladores e liquidificadores, entregues a m\u00e3es carentes escolhidas em sorteios feitos na sede e nos distritos \u2013Bandeira do Almada, Sequeiro Grande, Uni\u00e3o Queimada, Ruinha de S\u00e3o Crist\u00f3v\u00e3o e bairro Pitangueiras.<\/h4>\n<h4 style=\"text-align: justify;\">A parte de entretenimento e lazer tem como ponto alto apresenta\u00e7\u00f5es musicais, na Pra\u00e7a R\u00e9gis Pacheco, e no distrito de Bandeira do Almada, sob o comando de um mini trio el\u00e9trico e das bandas Mandala e Pagode do Pretinho.<\/h4>\n<h4 style=\"text-align: justify;\">Tamb\u00e9m h\u00e1 demonstra\u00e7\u00f5es de grupos de dan\u00e7a, do coral do Pr\u00f3 Jovem e exibi\u00e7\u00e3o de v\u00eddeos, entre outras atividades. A prefeita Gilka Badar\u00f3 (PSB) considerou a programa\u00e7\u00e3o \u201cmuito boa\u201d e prometeu fazer ainda melhor ano que vem \u201cporque haver\u00e1 um maior tempo e melhores condi\u00e7\u00f5es para organizarmos os eventos\u201d.<\/h4>\n","protected":false},"excerpt":{"rendered":"<p>O Dia das M\u00e3es, comemorado neste domingo (12), vem sendo festejado em Itaju\u00edpe desde a sexta-feira (10), com a realiza\u00e7\u00e3o de uma s\u00e9rie de atividades sociais e de entretenimento e lazer promovidas pela prefeitura do munic\u00edpio. A programa\u00e7\u00e3o social inclui distribui\u00e7\u00e3o gratuita de flores, cestas b\u00e1sicas e eletrodom\u00e9sticos. Entre os aparelhos est\u00e3o ventiladores e liquidificadores, [&hellip;]<\/p>\n","protected":false},"author":2,"featured_media":0,"comment_status":"open","ping_status":"open","sticky":false,"template":"","format":"standard","meta":{"footnotes":"","_links_to":"","_links_to_target":""},"categories":[1],"tags":[],"class_list":["post-55369","post","type-post","status-publish","format-standard","hentry","category-geral"],"views":1562,"_links":{"self":[{"href":"https:\/\/www.politicosdosuldabahia.com.br\/v1\/wp-json\/wp\/v2\/posts\/55369"}],"collection":[{"href":"https:\/\/www.politicosdosuldabahia.com.br\/v1\/wp-json\/wp\/v2\/posts"}],"about":[{"href":"https:\/\/www.politicosdosuldabahia.com.br\/v1\/wp-json\/wp\/v2\/types\/post"}],"author":[{"embeddable":true,"href":"https:\/\/www.politicosdosuldabahia.com.br\/v1\/wp-json\/wp\/v2\/users\/2"}],"replies":[{"embeddable":true,"href":"https:\/\/www.politicosdosuldabahia.com.br\/v1\/wp-json\/wp\/v2\/comments?post=55369"}],"version-history":[{"count":3,"href":"https:\/\/www.politicosdosuldabahia.com.br\/v1\/wp-json\/wp\/v2\/posts\/55369\/revisions"}],"predecessor-version":[{"id":55373,"href":"https:\/\/www.politicosdosuldabahia.com.br\/v1\/wp-json\/wp\/v2\/posts\/55369\/revisions\/55373"}],"wp:attachment":[{"href":"https:\/\/www.politicosdosuldabahia.com.br\/v1\/wp-json\/wp\/v2\/media?parent=55369"}],"wp:term":[{"taxonomy":"category","embeddable":true,"href":"https:\/\/www.politicosdosuldabahia.com.br\/v1\/wp-json\/wp\/v2\/categories?post=55369"},{"taxonomy":"post_tag","embeddable":true,"href":"https:\/\/www.politicosdosuldabahia.com.br\/v1\/wp-json\/wp\/v2\/tags?post=55369"}],"curies":[{"name":"wp","href":"https:\/\/api.w.org\/{rel}","templated":true}]}}