
{"id":55091,"date":"2013-05-06T16:41:39","date_gmt":"2013-05-06T19:41:39","guid":{"rendered":"http:\/\/www.politicosdosuldabahia.com.br\/v1\/?p=55091"},"modified":"2013-05-06T16:41:41","modified_gmt":"2013-05-06T19:41:41","slug":"transformacao-da-ceplac-em-embrapa-cacau-e-urgente-afirma-felix-junior","status":"publish","type":"post","link":"https:\/\/www.politicosdosuldabahia.com.br\/v1\/2013\/05\/06\/transformacao-da-ceplac-em-embrapa-cacau-e-urgente-afirma-felix-junior\/","title":{"rendered":"\u201cTRANSFORMA\u00c7\u00c3O DA CEPLAC EM EMBRAPA CACAU \u00c9 URGENTE\u201d, AFIRMA F\u00c9LIX J\u00daNIOR"},"content":{"rendered":"<p style=\"text-align: center;\"><a href=\"http:\/\/www.politicosdosuldabahia.com.br\/v1\/2013\/05\/06\/transformacao-da-ceplac-em-embrapa-cacau-e-urgente-afirma-felix-junior\/deputado-federal-felix-junior-pdt-bahia-divulgacao\/\" rel=\"attachment wp-att-55092\"><img loading=\"lazy\" decoding=\"async\" class=\"aligncenter  wp-image-55092\" alt=\"Deputado federal Felix Junior - PDT-Bahia - Divulga\u00e7\u00e3o\" src=\"http:\/\/www.politicosdosuldabahia.com.br\/v1\/wp-content\/uploads\/2013\/05\/Deputado-federal-Felix-Junior-PDT-Bahia-Divulga\u00e7\u00e3o.jpg\" width=\"370\" height=\"286\" srcset=\"https:\/\/www.politicosdosuldabahia.com.br\/v1\/wp-content\/uploads\/2013\/05\/Deputado-federal-Felix-Junior-PDT-Bahia-Divulga\u00e7\u00e3o.jpg 882w, https:\/\/www.politicosdosuldabahia.com.br\/v1\/wp-content\/uploads\/2013\/05\/Deputado-federal-Felix-Junior-PDT-Bahia-Divulga\u00e7\u00e3o-300x231.jpg 300w\" sizes=\"(max-width: 370px) 100vw, 370px\" \/><\/a><\/p>\n<h4 style=\"text-align: justify;\">\u201cO caf\u00e9 \u00e9 uma cultura permanente como o cacau e a excel\u00eancia da Embrapa conseguiu desenvolver uma variedade de caf\u00e9 resistente \u00e0 seca. N\u00e3o tenho d\u00favidas de que, com a fus\u00e3o da Ceplac com a Embrapa, conseguiremos desenvolver um cacau resistente \u00e0 vassoura de bruxa. Por isso, a transforma\u00e7\u00e3o da Ceplac em Embrapa Cacau \u00e9 urgente. Precisamos tentar. S\u00f3 a in\u00e9rcia pode levar a cacauicultura ao fracasso\u201d.<\/h4>\n<h4 style=\"text-align: justify;\">Foi o que declarou o presidente da Frente Parlamentar em Defesa da Lavoura Cacaueira, deputado federal F\u00e9lix J\u00fanior (PDT-BA) ao ver estampada nesta segunda-feira (06), em jornais de todo o Pa\u00eds, a not\u00edcia de que a Embrapa est\u00e1 aplicando em culturas como a cana-de-a\u00e7\u00facar, arroz, soja e algod\u00e3o o gene CAHB12, encontrado no caf\u00e9, capaz de resistir por at\u00e9 45 dias sem \u00e1gua.<\/h4>\n<h4 style=\"text-align: justify;\">Expertise &#8211; O pedetista lembra ainda que nos \u00faltimos 40 anos a \u00e1rea destinada a gr\u00e3os e sementes oleaginosas no Brasil aumentou 43,92%, enquanto a produ\u00e7\u00e3o aumentou por volta de 249,56% e os rendimentos aumentaram 2,4 vezes. As mesmas tend\u00eancias de crescimento se repetem no segmento de carnes bovina, su\u00edna e de frango.<\/h4>\n<h4 style=\"text-align: justify;\">\u201cO aumento da produtividade e dos rendimentos da agropecu\u00e1ria brasileira coincidem com a exist\u00eancia e a atua\u00e7\u00e3o da Embrapa. \u00c9 a expertise dessa empresa que precisamos aplicar na lavoura cacaueira. A fus\u00e3o da Ceplac com a Embrapa ser\u00e1 boa, inclusive, para seus pesquisadores. As manchetes de hoje mostram que estamos no caminho certo\u201d, defendeu o parlamentar.<\/h4>\n<h4 style=\"text-align: justify;\">F\u00e9lix J\u00fanior informou ainda que est\u00e1 agendando audi\u00eancias em Bras\u00edlia com o diretor da Ceplac, Helinton Jos\u00e9 Rocha, e com o presidente da Embrapa, Maur\u00edcio Antonio Lopes, para tratar deste assunto.<\/h4>\n","protected":false},"excerpt":{"rendered":"<p>\u201cO caf\u00e9 \u00e9 uma cultura permanente como o cacau e a excel\u00eancia da Embrapa conseguiu desenvolver uma variedade de caf\u00e9 resistente \u00e0 seca. N\u00e3o tenho d\u00favidas de que, com a fus\u00e3o da Ceplac com a Embrapa, conseguiremos desenvolver um cacau resistente \u00e0 vassoura de bruxa. Por isso, a transforma\u00e7\u00e3o da Ceplac em Embrapa Cacau \u00e9 [&hellip;]<\/p>\n","protected":false},"author":2,"featured_media":0,"comment_status":"open","ping_status":"open","sticky":false,"template":"","format":"standard","meta":{"footnotes":"","_links_to":"","_links_to_target":""},"categories":[1],"tags":[],"class_list":["post-55091","post","type-post","status-publish","format-standard","hentry","category-geral"],"views":2194,"_links":{"self":[{"href":"https:\/\/www.politicosdosuldabahia.com.br\/v1\/wp-json\/wp\/v2\/posts\/55091"}],"collection":[{"href":"https:\/\/www.politicosdosuldabahia.com.br\/v1\/wp-json\/wp\/v2\/posts"}],"about":[{"href":"https:\/\/www.politicosdosuldabahia.com.br\/v1\/wp-json\/wp\/v2\/types\/post"}],"author":[{"embeddable":true,"href":"https:\/\/www.politicosdosuldabahia.com.br\/v1\/wp-json\/wp\/v2\/users\/2"}],"replies":[{"embeddable":true,"href":"https:\/\/www.politicosdosuldabahia.com.br\/v1\/wp-json\/wp\/v2\/comments?post=55091"}],"version-history":[{"count":4,"href":"https:\/\/www.politicosdosuldabahia.com.br\/v1\/wp-json\/wp\/v2\/posts\/55091\/revisions"}],"predecessor-version":[{"id":55096,"href":"https:\/\/www.politicosdosuldabahia.com.br\/v1\/wp-json\/wp\/v2\/posts\/55091\/revisions\/55096"}],"wp:attachment":[{"href":"https:\/\/www.politicosdosuldabahia.com.br\/v1\/wp-json\/wp\/v2\/media?parent=55091"}],"wp:term":[{"taxonomy":"category","embeddable":true,"href":"https:\/\/www.politicosdosuldabahia.com.br\/v1\/wp-json\/wp\/v2\/categories?post=55091"},{"taxonomy":"post_tag","embeddable":true,"href":"https:\/\/www.politicosdosuldabahia.com.br\/v1\/wp-json\/wp\/v2\/tags?post=55091"}],"curies":[{"name":"wp","href":"https:\/\/api.w.org\/{rel}","templated":true}]}}