
{"id":52280,"date":"2013-03-08T11:16:03","date_gmt":"2013-03-08T14:16:03","guid":{"rendered":"http:\/\/www.politicosdosuldabahia.com.br\/v1\/?p=52280"},"modified":"2013-03-08T11:16:04","modified_gmt":"2013-03-08T14:16:04","slug":"ilheus-presidente-da-maramata-e-despejado-e-acusado-de-agressao","status":"publish","type":"post","link":"https:\/\/www.politicosdosuldabahia.com.br\/v1\/2013\/03\/08\/ilheus-presidente-da-maramata-e-despejado-e-acusado-de-agressao\/","title":{"rendered":"ILH\u00c9US: PRESIDENTE DA MARAMATA \u00c9 DESPEJADO, E ACUSADO DE AGRESS\u00c3O"},"content":{"rendered":"<h3 style=\"text-align: center;\"><a href=\"http:\/\/www.politicosdosuldabahia.com.br\/v1\/2013\/03\/08\/ilheus-presidente-da-maramata-e-despejado-e-acusado-de-agressao\/des-2\/\" rel=\"attachment wp-att-52282\"><img loading=\"lazy\" decoding=\"async\" class=\"aligncenter  wp-image-52282\" alt=\"des\" src=\"http:\/\/www.politicosdosuldabahia.com.br\/v1\/wp-content\/uploads\/2013\/03\/des1.jpg\" width=\"377\" height=\"475\" srcset=\"https:\/\/www.politicosdosuldabahia.com.br\/v1\/wp-content\/uploads\/2013\/03\/des1.jpg 768w, https:\/\/www.politicosdosuldabahia.com.br\/v1\/wp-content\/uploads\/2013\/03\/des1-238x300.jpg 238w\" sizes=\"(max-width: 377px) 100vw, 377px\" \/><\/a> Determina\u00e7\u00e3o judicial de despejo.<\/h3>\n<h4 style=\"text-align: justify;\">Em Ilh\u00e9us o presidente da FUNDA\u00c7\u00c3O LIVRE DO MAR E DA MATA (MARAMATA), Luis Frederico Cavalcante, est\u00e1 sendo acusado por Jos\u00e9 Carlos, de t\u00ea-lo agredido fisicamente em fun\u00e7\u00e3o de n\u00e3o aceitar uma determina\u00e7\u00e3o judicial.<\/h4>\n<h4 style=\"text-align: justify;\">A determina\u00e7\u00e3o judicial \u00e9 de despejo de um im\u00f3vel, j\u00e1 que o mesmo (Luis Frederico), estava em d\u00e9bito de aluguel de um im\u00f3vel de Jos\u00e9 Carlos.<\/h4>\n<h4 style=\"text-align: justify;\">Mas quando foi realizar o despejo, Jos\u00e9 Carlos foi agredido fisicamente por Luis Frederico. O caso chegou a pol\u00edcia, tendo o Boletim de ocorr\u00eancia n\u00famero 1201796.<\/h4>\n<h3 style=\"text-align: center;\"><a href=\"http:\/\/www.politicosdosuldabahia.com.br\/v1\/2013\/03\/08\/ilheus-presidente-da-maramata-e-despejado-e-acusado-de-agressao\/digitalizar0003a\/\" rel=\"attachment wp-att-52283\"><img loading=\"lazy\" decoding=\"async\" class=\"aligncenter  wp-image-52283\" alt=\"digitalizar0003a\" src=\"http:\/\/www.politicosdosuldabahia.com.br\/v1\/wp-content\/uploads\/2013\/03\/digitalizar0003a.jpg\" width=\"430\" height=\"295\" srcset=\"https:\/\/www.politicosdosuldabahia.com.br\/v1\/wp-content\/uploads\/2013\/03\/digitalizar0003a.jpg 1024w, https:\/\/www.politicosdosuldabahia.com.br\/v1\/wp-content\/uploads\/2013\/03\/digitalizar0003a-300x206.jpg 300w\" sizes=\"(max-width: 430px) 100vw, 430px\" \/><\/a> Boletim de ocorr\u00eancia<\/h3>\n","protected":false},"excerpt":{"rendered":"<p>Determina\u00e7\u00e3o judicial de despejo. Em Ilh\u00e9us o presidente da FUNDA\u00c7\u00c3O LIVRE DO MAR E DA MATA (MARAMATA), Luis Frederico Cavalcante, est\u00e1 sendo acusado por Jos\u00e9 Carlos, de t\u00ea-lo agredido fisicamente em fun\u00e7\u00e3o de n\u00e3o aceitar uma determina\u00e7\u00e3o judicial. A determina\u00e7\u00e3o judicial \u00e9 de despejo de um im\u00f3vel, j\u00e1 que o mesmo (Luis Frederico), estava em [&hellip;]<\/p>\n","protected":false},"author":2,"featured_media":0,"comment_status":"open","ping_status":"open","sticky":false,"template":"","format":"standard","meta":{"footnotes":"","_links_to":"","_links_to_target":""},"categories":[1],"tags":[],"class_list":["post-52280","post","type-post","status-publish","format-standard","hentry","category-geral"],"views":4132,"_links":{"self":[{"href":"https:\/\/www.politicosdosuldabahia.com.br\/v1\/wp-json\/wp\/v2\/posts\/52280"}],"collection":[{"href":"https:\/\/www.politicosdosuldabahia.com.br\/v1\/wp-json\/wp\/v2\/posts"}],"about":[{"href":"https:\/\/www.politicosdosuldabahia.com.br\/v1\/wp-json\/wp\/v2\/types\/post"}],"author":[{"embeddable":true,"href":"https:\/\/www.politicosdosuldabahia.com.br\/v1\/wp-json\/wp\/v2\/users\/2"}],"replies":[{"embeddable":true,"href":"https:\/\/www.politicosdosuldabahia.com.br\/v1\/wp-json\/wp\/v2\/comments?post=52280"}],"version-history":[{"count":3,"href":"https:\/\/www.politicosdosuldabahia.com.br\/v1\/wp-json\/wp\/v2\/posts\/52280\/revisions"}],"predecessor-version":[{"id":52286,"href":"https:\/\/www.politicosdosuldabahia.com.br\/v1\/wp-json\/wp\/v2\/posts\/52280\/revisions\/52286"}],"wp:attachment":[{"href":"https:\/\/www.politicosdosuldabahia.com.br\/v1\/wp-json\/wp\/v2\/media?parent=52280"}],"wp:term":[{"taxonomy":"category","embeddable":true,"href":"https:\/\/www.politicosdosuldabahia.com.br\/v1\/wp-json\/wp\/v2\/categories?post=52280"},{"taxonomy":"post_tag","embeddable":true,"href":"https:\/\/www.politicosdosuldabahia.com.br\/v1\/wp-json\/wp\/v2\/tags?post=52280"}],"curies":[{"name":"wp","href":"https:\/\/api.w.org\/{rel}","templated":true}]}}