
{"id":51339,"date":"2013-02-20T11:10:27","date_gmt":"2013-02-20T14:10:27","guid":{"rendered":"http:\/\/www.politicosdosuldabahia.com.br\/v1\/?p=51339"},"modified":"2013-02-20T11:10:28","modified_gmt":"2013-02-20T14:10:28","slug":"geraldo-simoes-quer-agilidade-na-aprovacao-do-projeto-que-cria-a-ufesba","status":"publish","type":"post","link":"https:\/\/www.politicosdosuldabahia.com.br\/v1\/2013\/02\/20\/geraldo-simoes-quer-agilidade-na-aprovacao-do-projeto-que-cria-a-ufesba\/","title":{"rendered":"GERALDO SIM\u00d5ES QUER AGILIDADE NA APROVA\u00c7\u00c3O DO PROJETO QUE CRIA A UFESBA"},"content":{"rendered":"<p style=\"text-align: center\"><a href=\"http:\/\/www.politicosdosuldabahia.com.br\/v1\/?attachment_id=51340\" rel=\"attachment wp-att-51340\"><img loading=\"lazy\" decoding=\"async\" class=\"aligncenter  wp-image-51340\" alt=\"geraldo sim\u00f5es no congresso nacional 2\" src=\"http:\/\/www.politicosdosuldabahia.com.br\/v1\/wp-content\/uploads\/2013\/02\/geraldo-sim\u00f5es-no-congresso-nacional-2.jpg\" width=\"420\" height=\"276\" srcset=\"https:\/\/www.politicosdosuldabahia.com.br\/v1\/wp-content\/uploads\/2013\/02\/geraldo-sim\u00f5es-no-congresso-nacional-2.jpg 1000w, https:\/\/www.politicosdosuldabahia.com.br\/v1\/wp-content\/uploads\/2013\/02\/geraldo-sim\u00f5es-no-congresso-nacional-2-300x196.jpg 300w\" sizes=\"(max-width: 420px) 100vw, 420px\" \/><\/a><\/p>\n<h4 style=\"text-align: justify\">Em pronunciamento feito nesta ter\u00e7a-feira no Congresso Nacional, o deputado federal Geraldo Sim\u00f5es (PT\/BA) destacou sua participa\u00e7\u00e3o ao lado de v\u00e1rias autoridades pol\u00edticas, prefeitos da regi\u00e3o e representantes da comiss\u00e3o de implanta\u00e7\u00e3o da Universidade Federal do Sul da Bahia (UFESBA), de importante reuni\u00e3o realizada na C\u00e2mara de Vereadores de Itabuna, quando foram debatidos os detalhes do projeto.<\/h4>\n<h4 style=\"text-align: justify\">Participaram do encontro prefeitos e representantes de Itap\u00e9, Itapitanga, Coaraci, Itaju\u00edpe, Camacan, Almadina, al\u00e9m dos prefeitos de Itabuna, Claudivane Leite e de Ibicara\u00ed, Lenildo Santana, que tamb\u00e9m \u00e9 presidente da AMURC. Tamb\u00e9m participaram da audi\u00eancia o coordenador de implanta\u00e7\u00e3o da UFESBA e ex-reitor da UFBA, professor Naomar Almeida.<\/h4>\n<h4 style=\"text-align: justify\">Na ocasi\u00e3o, o deputado manifestou estar muito contente em presenciar toda anima\u00e7\u00e3o e interesse dos prefeitos da regi\u00e3o para a implanta\u00e7\u00e3o da UFESBA e forneceu informa\u00e7\u00f5es sobre a tramita\u00e7\u00e3o do Projeto de Lei n\u00ba 2207, do qual \u00e9 Relator, que cria a Universidade. \u201cEstamos trabalhando muito para que a UFESBA esteja em pleno funcionamento em 2014\u201d, disse.<\/h4>\n<h4 style=\"text-align: justify\">\u201cNeste encontro definimos os munic\u00edpios da \u00e1rea de abrang\u00eancia do campus itabunense da UFESBA, que ser\u00e3o contemplados com Col\u00e9gios Universit\u00e1rios. Os col\u00e9gios ser\u00e3o instalados em munic\u00edpios-polo que agrupam mais de 20 mil habitantes e ser\u00e3o portas de entrada na UFESBA. O modelo \u00e9 elogiado por assegurar a inclus\u00e3o de alunos dos munic\u00edpios regionais na universidade federal\u201d, ressaltou o parlamentar..<\/h4>\n","protected":false},"excerpt":{"rendered":"<p>Em pronunciamento feito nesta ter\u00e7a-feira no Congresso Nacional, o deputado federal Geraldo Sim\u00f5es (PT\/BA) destacou sua participa\u00e7\u00e3o ao lado de v\u00e1rias autoridades pol\u00edticas, prefeitos da regi\u00e3o e representantes da comiss\u00e3o de implanta\u00e7\u00e3o da Universidade Federal do Sul da Bahia (UFESBA), de importante reuni\u00e3o realizada na C\u00e2mara de Vereadores de Itabuna, quando foram debatidos os detalhes [&hellip;]<\/p>\n","protected":false},"author":2,"featured_media":0,"comment_status":"open","ping_status":"open","sticky":false,"template":"","format":"standard","meta":{"footnotes":"","_links_to":"","_links_to_target":""},"categories":[1],"tags":[],"class_list":["post-51339","post","type-post","status-publish","format-standard","hentry","category-geral"],"views":1700,"_links":{"self":[{"href":"https:\/\/www.politicosdosuldabahia.com.br\/v1\/wp-json\/wp\/v2\/posts\/51339"}],"collection":[{"href":"https:\/\/www.politicosdosuldabahia.com.br\/v1\/wp-json\/wp\/v2\/posts"}],"about":[{"href":"https:\/\/www.politicosdosuldabahia.com.br\/v1\/wp-json\/wp\/v2\/types\/post"}],"author":[{"embeddable":true,"href":"https:\/\/www.politicosdosuldabahia.com.br\/v1\/wp-json\/wp\/v2\/users\/2"}],"replies":[{"embeddable":true,"href":"https:\/\/www.politicosdosuldabahia.com.br\/v1\/wp-json\/wp\/v2\/comments?post=51339"}],"version-history":[{"count":3,"href":"https:\/\/www.politicosdosuldabahia.com.br\/v1\/wp-json\/wp\/v2\/posts\/51339\/revisions"}],"predecessor-version":[{"id":51342,"href":"https:\/\/www.politicosdosuldabahia.com.br\/v1\/wp-json\/wp\/v2\/posts\/51339\/revisions\/51342"}],"wp:attachment":[{"href":"https:\/\/www.politicosdosuldabahia.com.br\/v1\/wp-json\/wp\/v2\/media?parent=51339"}],"wp:term":[{"taxonomy":"category","embeddable":true,"href":"https:\/\/www.politicosdosuldabahia.com.br\/v1\/wp-json\/wp\/v2\/categories?post=51339"},{"taxonomy":"post_tag","embeddable":true,"href":"https:\/\/www.politicosdosuldabahia.com.br\/v1\/wp-json\/wp\/v2\/tags?post=51339"}],"curies":[{"name":"wp","href":"https:\/\/api.w.org\/{rel}","templated":true}]}}