
{"id":50830,"date":"2013-02-07T15:58:38","date_gmt":"2013-02-07T18:58:38","guid":{"rendered":"http:\/\/www.politicosdosuldabahia.com.br\/v1\/?p=50830"},"modified":"2013-02-07T16:02:37","modified_gmt":"2013-02-07T19:02:37","slug":"eduardo-a-anunciacao-sofre-para-cardiaca-e-fica-internado","status":"publish","type":"post","link":"https:\/\/www.politicosdosuldabahia.com.br\/v1\/2013\/02\/07\/eduardo-a-anunciacao-sofre-para-cardiaca-e-fica-internado\/","title":{"rendered":"EDUARDO  ANUNCIA\u00c7\u00c3O SOFRE PARADA CARD\u00cdACA E FICA INTERNADO"},"content":{"rendered":"<p><a href=\"http:\/\/www.politicosdosuldabahia.com.br\/v1\/2013\/02\/07\/eduardo-a-anunciacao-sofre-para-cardiaca-e-fica-internado\/images-64\/\" rel=\"attachment wp-att-50831\"><img loading=\"lazy\" decoding=\"async\" class=\"aligncenter size-full wp-image-50831\" alt=\"images\" src=\"http:\/\/www.politicosdosuldabahia.com.br\/v1\/wp-content\/uploads\/2013\/02\/images2.jpg\" width=\"275\" height=\"184\" \/><\/a><\/p>\n<h4 style=\"text-align: justify;\">Nesta quinta-feira em Ilh\u00e9us o jornalista Eduardo Anuncia\u00e7\u00e3o sofreu uma parada card\u00edaca, e foi levado para o hospital em uma viatura do SAMU. Eduardo Anuncia\u00e7\u00e3o estava se convalescendo de uma cirurgia realizada em 2012.<\/h4>\n<h4 style=\"text-align: justify;\">Segundo informa\u00e7\u00f5es, o mesmo se encontra internado no hospital Regional, e o seu estado espera cuidados.<\/h4>\n","protected":false},"excerpt":{"rendered":"<p>Nesta quinta-feira em Ilh\u00e9us o jornalista Eduardo Anuncia\u00e7\u00e3o sofreu uma parada card\u00edaca, e foi levado para o hospital em uma viatura do SAMU. Eduardo Anuncia\u00e7\u00e3o estava se convalescendo de uma cirurgia realizada em 2012. Segundo informa\u00e7\u00f5es, o mesmo se encontra internado no hospital Regional, e o seu estado espera cuidados.<\/p>\n","protected":false},"author":2,"featured_media":0,"comment_status":"open","ping_status":"open","sticky":false,"template":"","format":"standard","meta":{"footnotes":"","_links_to":"","_links_to_target":""},"categories":[1],"tags":[],"class_list":["post-50830","post","type-post","status-publish","format-standard","hentry","category-geral"],"views":2049,"_links":{"self":[{"href":"https:\/\/www.politicosdosuldabahia.com.br\/v1\/wp-json\/wp\/v2\/posts\/50830"}],"collection":[{"href":"https:\/\/www.politicosdosuldabahia.com.br\/v1\/wp-json\/wp\/v2\/posts"}],"about":[{"href":"https:\/\/www.politicosdosuldabahia.com.br\/v1\/wp-json\/wp\/v2\/types\/post"}],"author":[{"embeddable":true,"href":"https:\/\/www.politicosdosuldabahia.com.br\/v1\/wp-json\/wp\/v2\/users\/2"}],"replies":[{"embeddable":true,"href":"https:\/\/www.politicosdosuldabahia.com.br\/v1\/wp-json\/wp\/v2\/comments?post=50830"}],"version-history":[{"count":6,"href":"https:\/\/www.politicosdosuldabahia.com.br\/v1\/wp-json\/wp\/v2\/posts\/50830\/revisions"}],"predecessor-version":[{"id":50837,"href":"https:\/\/www.politicosdosuldabahia.com.br\/v1\/wp-json\/wp\/v2\/posts\/50830\/revisions\/50837"}],"wp:attachment":[{"href":"https:\/\/www.politicosdosuldabahia.com.br\/v1\/wp-json\/wp\/v2\/media?parent=50830"}],"wp:term":[{"taxonomy":"category","embeddable":true,"href":"https:\/\/www.politicosdosuldabahia.com.br\/v1\/wp-json\/wp\/v2\/categories?post=50830"},{"taxonomy":"post_tag","embeddable":true,"href":"https:\/\/www.politicosdosuldabahia.com.br\/v1\/wp-json\/wp\/v2\/tags?post=50830"}],"curies":[{"name":"wp","href":"https:\/\/api.w.org\/{rel}","templated":true}]}}