
{"id":50819,"date":"2013-02-07T11:29:34","date_gmt":"2013-02-07T14:29:34","guid":{"rendered":"http:\/\/www.politicosdosuldabahia.com.br\/v1\/?p=50819"},"modified":"2013-02-07T11:29:36","modified_gmt":"2013-02-07T14:29:36","slug":"itape-em-audiencia-publica-prefeito-presta-contas-do-primeiro-mes","status":"publish","type":"post","link":"https:\/\/www.politicosdosuldabahia.com.br\/v1\/2013\/02\/07\/itape-em-audiencia-publica-prefeito-presta-contas-do-primeiro-mes\/","title":{"rendered":"ITAP\u00c9: EM AUDI\u00caNCIA P\u00daBLICA, PREFEITO PRESTA CONTAS DO PRIMEIRO M\u00caS"},"content":{"rendered":"<p style=\"text-align: center;\"><a href=\"http:\/\/www.politicosdosuldabahia.com.br\/v1\/2013\/02\/07\/itape-em-audiencia-publica-prefeito-presta-contas-do-primeiro-mes\/pedrao-e-o-vice-naeliton-ao-lado-de-assessores\/\" rel=\"attachment wp-att-50820\"><img loading=\"lazy\" decoding=\"async\" class=\"aligncenter  wp-image-50820\" alt=\"PEDR\u00c3O E O VICE NAELITON AO LADO DE ASSESSORES\" src=\"http:\/\/www.politicosdosuldabahia.com.br\/v1\/wp-content\/uploads\/2013\/02\/PEDR\u00c3O-E-O-VICE-NAELITON-AO-LADO-DE-ASSESSORES-.jpg\" width=\"376\" height=\"251\" srcset=\"https:\/\/www.politicosdosuldabahia.com.br\/v1\/wp-content\/uploads\/2013\/02\/PEDR\u00c3O-E-O-VICE-NAELITON-AO-LADO-DE-ASSESSORES-.jpg 1600w, https:\/\/www.politicosdosuldabahia.com.br\/v1\/wp-content\/uploads\/2013\/02\/PEDR\u00c3O-E-O-VICE-NAELITON-AO-LADO-DE-ASSESSORES--300x200.jpg 300w, https:\/\/www.politicosdosuldabahia.com.br\/v1\/wp-content\/uploads\/2013\/02\/PEDR\u00c3O-E-O-VICE-NAELITON-AO-LADO-DE-ASSESSORES--1024x682.jpg 1024w\" sizes=\"(max-width: 376px) 100vw, 376px\" \/><\/a><\/p>\n<h4 style=\"text-align: justify;\">As audi\u00eancias p\u00fablicas de presta\u00e7\u00e3o de contas v\u00e3o acontecer a cada tr\u00eas meses<\/h4>\n<h4 style=\"text-align: justify;\">Na \u00faltima ter\u00e7a-feira (5), \u00e0s 19 horas, no plen\u00e1rio da C\u00e2mara Municipal, o prefeito Pedro Jackson (Pedr\u00e3o), apresentou a presta\u00e7\u00e3o de contas do primeiro m\u00eas \u00e0 frente da gest\u00e3o municipal em Itap\u00e9. O projeto tem por objetivo dar total transpar\u00eancia \u00e0s a\u00e7\u00f5es do governo municipal.<\/h4>\n<h4 style=\"text-align: justify;\">\u201cEu quero que a comunidade saiba como est\u00e1 a situa\u00e7\u00e3o da prefeitura. Vou mostrar quanto arrecadou e as despesas. Tudo com total transpar\u00eancia. Afinal est\u00e1 tudo na internet\u201d declarou o prefeito. Pedr\u00e3o apresentou em tel\u00e3o \u2018slides\u2019 mostrando os n\u00fameros da arrecada\u00e7\u00e3o e das despesas municipais, como os gastos com pessoal, insumos e obras.<\/h4>\n<h4 style=\"text-align: justify;\">O prefeito declarou ainda, que j\u00e1 est\u00e1 acima do limite de 54% de gasto com a folha de pessoal, o que pode desde agora no primeiro m\u00eas, complicar a sua presta\u00e7\u00e3o de contas. Fato que se deve a queda na arrecada\u00e7\u00e3o municipal.<\/h4>\n<h4 style=\"text-align: justify;\">Segundo o prefeito, j\u00e1 existem parcerias para empregar a m\u00e3o de obra da cidade e, a situa\u00e7\u00e3o melhora com as obras. Itap\u00e9 recebe a partir de agora grandes investimentos como o uso do solo pela SAM &#8211; Sul Americana de Metais, constru\u00e7\u00e3o da Barragem do Rio Col\u00f4nia e a constru\u00e7\u00e3o da nova rodovia Itap\u00e9 x Itaj\u00fa.<\/h4>\n<h4 style=\"text-align: justify;\">\u201c\u00c9 grande a press\u00e3o e eu n\u00e3o posso me complicar contratando todo mundo. Fui eleito pra cuidar da cidade, dar uma boa sa\u00fade, transporte, realizar as coisas necess\u00e1rias. N\u00e3o quero ver as pessoas sem emprego, por isso estou indo atr\u00e1s de parceiros\u201d, afirma Pedr\u00e3o.<\/h4>\n","protected":false},"excerpt":{"rendered":"<p>As audi\u00eancias p\u00fablicas de presta\u00e7\u00e3o de contas v\u00e3o acontecer a cada tr\u00eas meses Na \u00faltima ter\u00e7a-feira (5), \u00e0s 19 horas, no plen\u00e1rio da C\u00e2mara Municipal, o prefeito Pedro Jackson (Pedr\u00e3o), apresentou a presta\u00e7\u00e3o de contas do primeiro m\u00eas \u00e0 frente da gest\u00e3o municipal em Itap\u00e9. O projeto tem por objetivo dar total transpar\u00eancia \u00e0s a\u00e7\u00f5es [&hellip;]<\/p>\n","protected":false},"author":2,"featured_media":0,"comment_status":"open","ping_status":"open","sticky":false,"template":"","format":"standard","meta":{"footnotes":"","_links_to":"","_links_to_target":""},"categories":[1],"tags":[],"class_list":["post-50819","post","type-post","status-publish","format-standard","hentry","category-geral"],"views":1626,"_links":{"self":[{"href":"https:\/\/www.politicosdosuldabahia.com.br\/v1\/wp-json\/wp\/v2\/posts\/50819"}],"collection":[{"href":"https:\/\/www.politicosdosuldabahia.com.br\/v1\/wp-json\/wp\/v2\/posts"}],"about":[{"href":"https:\/\/www.politicosdosuldabahia.com.br\/v1\/wp-json\/wp\/v2\/types\/post"}],"author":[{"embeddable":true,"href":"https:\/\/www.politicosdosuldabahia.com.br\/v1\/wp-json\/wp\/v2\/users\/2"}],"replies":[{"embeddable":true,"href":"https:\/\/www.politicosdosuldabahia.com.br\/v1\/wp-json\/wp\/v2\/comments?post=50819"}],"version-history":[{"count":4,"href":"https:\/\/www.politicosdosuldabahia.com.br\/v1\/wp-json\/wp\/v2\/posts\/50819\/revisions"}],"predecessor-version":[{"id":50828,"href":"https:\/\/www.politicosdosuldabahia.com.br\/v1\/wp-json\/wp\/v2\/posts\/50819\/revisions\/50828"}],"wp:attachment":[{"href":"https:\/\/www.politicosdosuldabahia.com.br\/v1\/wp-json\/wp\/v2\/media?parent=50819"}],"wp:term":[{"taxonomy":"category","embeddable":true,"href":"https:\/\/www.politicosdosuldabahia.com.br\/v1\/wp-json\/wp\/v2\/categories?post=50819"},{"taxonomy":"post_tag","embeddable":true,"href":"https:\/\/www.politicosdosuldabahia.com.br\/v1\/wp-json\/wp\/v2\/tags?post=50819"}],"curies":[{"name":"wp","href":"https:\/\/api.w.org\/{rel}","templated":true}]}}