
{"id":47313,"date":"2012-11-13T19:14:43","date_gmt":"2012-11-13T22:14:43","guid":{"rendered":"http:\/\/www.politicosdosuldabahia.com.br\/v1\/?p=47313"},"modified":"2012-11-13T19:14:48","modified_gmt":"2012-11-13T22:14:48","slug":"itajuipe-gilka-badaro-anuncia-nomes-da-equipe-de-transicao","status":"publish","type":"post","link":"https:\/\/www.politicosdosuldabahia.com.br\/v1\/2012\/11\/13\/itajuipe-gilka-badaro-anuncia-nomes-da-equipe-de-transicao\/","title":{"rendered":"ITAJU\u00cdPE: GILKA BADAR\u00d3 ANUNCIA NOMES DA EQUIPE DE TRANSI\u00c7\u00c3O"},"content":{"rendered":"<p style=\"text-align: center;\"><a href=\"http:\/\/www.politicosdosuldabahia.com.br\/v1\/2012\/11\/13\/itajuipe-gilka-badaro-anuncia-nomes-da-equipe-de-transicao\/150548_506367826054831_1069190811_n\/\" rel=\"attachment wp-att-47314\"><img loading=\"lazy\" decoding=\"async\" class=\"aligncenter  wp-image-47314\" title=\"150548_506367826054831_1069190811_n\" src=\"http:\/\/www.politicosdosuldabahia.com.br\/v1\/wp-content\/uploads\/2012\/11\/150548_506367826054831_1069190811_n.jpg\" alt=\"\" width=\"281\" height=\"413\" srcset=\"https:\/\/www.politicosdosuldabahia.com.br\/v1\/wp-content\/uploads\/2012\/11\/150548_506367826054831_1069190811_n.jpg 351w, https:\/\/www.politicosdosuldabahia.com.br\/v1\/wp-content\/uploads\/2012\/11\/150548_506367826054831_1069190811_n-204x300.jpg 204w\" sizes=\"(max-width: 281px) 100vw, 281px\" \/><\/a><\/p>\n<h4 style=\"text-align: justify;\">A prefeita eleita de Itaju\u00edpe, Gilka Badar\u00f3 (PSB), definiu a equipe de transi\u00e7\u00e3o de governo, a lista \u00e9 composta pelo vice-prefeito eleito, Ant\u00f4nio Jorge Rodrigues Neto \u2013 Jorj\u00e3o (PTB), o advogado itabunense Bruno Mac\u00eado, al\u00e9m do tamb\u00e9m advogado Fernando Augusto S\u00e1 Hage, bem como das seguintes pessoas: Ramayana Rios Almeida, Cl\u00e1udio Marcelo da Luz Souza e Emanuel Alves dos Santos, dentre outros.<\/h4>\n<h4 style=\"text-align: justify;\">Segundo a prefeita eleita, o pontap\u00e9 inicial de sua administra\u00e7\u00e3o ser\u00e1 a regulariza\u00e7\u00e3o da situa\u00e7\u00e3o cadastral do munic\u00edpio, que hoje se encontra negativado no CAUC, uma esp\u00e9cie de SERASA do Governo Federal, que impede a celebra\u00e7\u00e3o de conv\u00eanios e o recebimento de certas emendas parlamentares.<\/h4>\n<h4 style=\"text-align: justify;\">Vale lembrar que Gilka Badar\u00f3 tem parceria fechada com o Deputado Estadual Augusto Castro (PSDB), al\u00e9m de ter uma conversa bastante acelerada com o atual Deputado Estadual Ronaldo Carletto(PP), que em 2014, disputar\u00e1 uma vaga no Congresso Nacional em Bras\u00edlia.<\/h4>\n","protected":false},"excerpt":{"rendered":"<p>A prefeita eleita de Itaju\u00edpe, Gilka Badar\u00f3 (PSB), definiu a equipe de transi\u00e7\u00e3o de governo, a lista \u00e9 composta pelo vice-prefeito eleito, Ant\u00f4nio Jorge Rodrigues Neto \u2013 Jorj\u00e3o (PTB), o advogado itabunense Bruno Mac\u00eado, al\u00e9m do tamb\u00e9m advogado Fernando Augusto S\u00e1 Hage, bem como das seguintes pessoas: Ramayana Rios Almeida, Cl\u00e1udio Marcelo da Luz Souza [&hellip;]<\/p>\n","protected":false},"author":2,"featured_media":0,"comment_status":"open","ping_status":"open","sticky":false,"template":"","format":"standard","meta":{"footnotes":"","_links_to":"","_links_to_target":""},"categories":[1],"tags":[],"class_list":["post-47313","post","type-post","status-publish","format-standard","hentry","category-geral"],"views":2638,"_links":{"self":[{"href":"https:\/\/www.politicosdosuldabahia.com.br\/v1\/wp-json\/wp\/v2\/posts\/47313"}],"collection":[{"href":"https:\/\/www.politicosdosuldabahia.com.br\/v1\/wp-json\/wp\/v2\/posts"}],"about":[{"href":"https:\/\/www.politicosdosuldabahia.com.br\/v1\/wp-json\/wp\/v2\/types\/post"}],"author":[{"embeddable":true,"href":"https:\/\/www.politicosdosuldabahia.com.br\/v1\/wp-json\/wp\/v2\/users\/2"}],"replies":[{"embeddable":true,"href":"https:\/\/www.politicosdosuldabahia.com.br\/v1\/wp-json\/wp\/v2\/comments?post=47313"}],"version-history":[{"count":3,"href":"https:\/\/www.politicosdosuldabahia.com.br\/v1\/wp-json\/wp\/v2\/posts\/47313\/revisions"}],"predecessor-version":[{"id":47317,"href":"https:\/\/www.politicosdosuldabahia.com.br\/v1\/wp-json\/wp\/v2\/posts\/47313\/revisions\/47317"}],"wp:attachment":[{"href":"https:\/\/www.politicosdosuldabahia.com.br\/v1\/wp-json\/wp\/v2\/media?parent=47313"}],"wp:term":[{"taxonomy":"category","embeddable":true,"href":"https:\/\/www.politicosdosuldabahia.com.br\/v1\/wp-json\/wp\/v2\/categories?post=47313"},{"taxonomy":"post_tag","embeddable":true,"href":"https:\/\/www.politicosdosuldabahia.com.br\/v1\/wp-json\/wp\/v2\/tags?post=47313"}],"curies":[{"name":"wp","href":"https:\/\/api.w.org\/{rel}","templated":true}]}}