
{"id":47192,"date":"2012-11-12T07:33:59","date_gmt":"2012-11-12T10:33:59","guid":{"rendered":"http:\/\/www.politicosdosuldabahia.com.br\/v1\/?p=47192"},"modified":"2012-11-11T23:59:15","modified_gmt":"2012-11-12T02:59:15","slug":"itape-eleicao-pela-presidencia-da-camara","status":"publish","type":"post","link":"https:\/\/www.politicosdosuldabahia.com.br\/v1\/2012\/11\/12\/itape-eleicao-pela-presidencia-da-camara\/","title":{"rendered":"ITAP\u00c9: ELEI\u00c7\u00c3O PELA PRESID\u00caNCIA DA C\u00c2MARA"},"content":{"rendered":"<h4 style=\"text-align: justify;\">Em Itap\u00e9 o prefeito eleito Pedr\u00e3o (PSB), decidiu que o seu candidato para a presid\u00eancia da c\u00e2mara ser\u00e1 Nilton Rosa Pinto (PSD). O mesmo foi o vereador mais votado do munic\u00edpio com 413 votos, e \u00e9 irm\u00e3o do vice-prefeito eleito, Naeliton (PRB).<\/h4>\n<h4 style=\"text-align: justify;\">A elei\u00e7\u00e3o promete ser acirrada, j\u00e1 que a oposi\u00e7\u00e3o dever\u00e1 lan\u00e7ar o edil Junior Borges (PP). O placar dever\u00e1 ser 5 a 4, por isso cada voto est\u00e1 sendo disputado.<\/h4>\n","protected":false},"excerpt":{"rendered":"<p>Em Itap\u00e9 o prefeito eleito Pedr\u00e3o (PSB), decidiu que o seu candidato para a presid\u00eancia da c\u00e2mara ser\u00e1 Nilton Rosa Pinto (PSD). O mesmo foi o vereador mais votado do munic\u00edpio com 413 votos, e \u00e9 irm\u00e3o do vice-prefeito eleito, Naeliton (PRB). A elei\u00e7\u00e3o promete ser acirrada, j\u00e1 que a oposi\u00e7\u00e3o dever\u00e1 lan\u00e7ar o edil [&hellip;]<\/p>\n","protected":false},"author":2,"featured_media":0,"comment_status":"open","ping_status":"open","sticky":false,"template":"","format":"standard","meta":{"footnotes":"","_links_to":"","_links_to_target":""},"categories":[1],"tags":[],"class_list":["post-47192","post","type-post","status-publish","format-standard","hentry","category-geral"],"views":2038,"_links":{"self":[{"href":"https:\/\/www.politicosdosuldabahia.com.br\/v1\/wp-json\/wp\/v2\/posts\/47192"}],"collection":[{"href":"https:\/\/www.politicosdosuldabahia.com.br\/v1\/wp-json\/wp\/v2\/posts"}],"about":[{"href":"https:\/\/www.politicosdosuldabahia.com.br\/v1\/wp-json\/wp\/v2\/types\/post"}],"author":[{"embeddable":true,"href":"https:\/\/www.politicosdosuldabahia.com.br\/v1\/wp-json\/wp\/v2\/users\/2"}],"replies":[{"embeddable":true,"href":"https:\/\/www.politicosdosuldabahia.com.br\/v1\/wp-json\/wp\/v2\/comments?post=47192"}],"version-history":[{"count":2,"href":"https:\/\/www.politicosdosuldabahia.com.br\/v1\/wp-json\/wp\/v2\/posts\/47192\/revisions"}],"predecessor-version":[{"id":47194,"href":"https:\/\/www.politicosdosuldabahia.com.br\/v1\/wp-json\/wp\/v2\/posts\/47192\/revisions\/47194"}],"wp:attachment":[{"href":"https:\/\/www.politicosdosuldabahia.com.br\/v1\/wp-json\/wp\/v2\/media?parent=47192"}],"wp:term":[{"taxonomy":"category","embeddable":true,"href":"https:\/\/www.politicosdosuldabahia.com.br\/v1\/wp-json\/wp\/v2\/categories?post=47192"},{"taxonomy":"post_tag","embeddable":true,"href":"https:\/\/www.politicosdosuldabahia.com.br\/v1\/wp-json\/wp\/v2\/tags?post=47192"}],"curies":[{"name":"wp","href":"https:\/\/api.w.org\/{rel}","templated":true}]}}