
{"id":46968,"date":"2012-11-07T10:29:36","date_gmt":"2012-11-07T13:29:36","guid":{"rendered":"http:\/\/www.politicosdosuldabahia.com.br\/v1\/?p=46968"},"modified":"2012-11-06T21:32:02","modified_gmt":"2012-11-07T00:32:02","slug":"itajuipe-gilka-badaro-cumpre-agenda-politica-na-capital","status":"publish","type":"post","link":"https:\/\/www.politicosdosuldabahia.com.br\/v1\/2012\/11\/07\/itajuipe-gilka-badaro-cumpre-agenda-politica-na-capital\/","title":{"rendered":"ITAJU\u00cdPE: GILKA BADAR\u00d3 CUMPRE AGENDA POL\u00cdTICA NA CAPITAL"},"content":{"rendered":"<p><a href=\"http:\/\/www.politicosdosuldabahia.com.br\/v1\/?attachment_id=46969\" rel=\"attachment wp-att-46969\"><img loading=\"lazy\" decoding=\"async\" class=\"aligncenter size-medium wp-image-46969\" title=\"185028_449204081771206_1928439071_n\" src=\"http:\/\/www.politicosdosuldabahia.com.br\/v1\/wp-content\/uploads\/2012\/11\/185028_449204081771206_1928439071_n-300x225.jpg\" alt=\"\" width=\"300\" height=\"225\" srcset=\"https:\/\/www.politicosdosuldabahia.com.br\/v1\/wp-content\/uploads\/2012\/11\/185028_449204081771206_1928439071_n-300x225.jpg 300w, https:\/\/www.politicosdosuldabahia.com.br\/v1\/wp-content\/uploads\/2012\/11\/185028_449204081771206_1928439071_n.jpg 960w\" sizes=\"(max-width: 300px) 100vw, 300px\" \/><\/a><\/p>\n<h4 style=\"text-align: justify;\">A prefeita eleita de Itaju\u00edpe, Gilka Badar\u00f3 (PSB), tem cumprido uma agenda pol\u00edtica na capital do estado. Nesta segunda-feira ela esteve com o deputado estadual Augusto castro (PSDB),e foram na Companhia de Desenvolvimento e A\u00e7\u00e3o Regional(CAR).<\/h4>\n<h4 style=\"text-align: justify;\">J\u00e1 nesta quarta-feira Gilka Badar\u00f3 estar\u00e1 Secretaria de Turismo participando de uma reuni\u00e3o com o chefe de gabinete Jo\u00e3o Carlos. A pauta ser\u00e1 projetos para o munic\u00edpio:<\/h4>\n<h4 style=\"text-align: justify;\">\u201ctenho encontrado portas abertas, temos que primeiro tornar nossa cidade livre para receber recursos, vamos lutar e conseguir.\u201d, disse Gilka.<\/h4>\n","protected":false},"excerpt":{"rendered":"<p>A prefeita eleita de Itaju\u00edpe, Gilka Badar\u00f3 (PSB), tem cumprido uma agenda pol\u00edtica na capital do estado. Nesta segunda-feira ela esteve com o deputado estadual Augusto castro (PSDB),e foram na Companhia de Desenvolvimento e A\u00e7\u00e3o Regional(CAR). J\u00e1 nesta quarta-feira Gilka Badar\u00f3 estar\u00e1 Secretaria de Turismo participando de uma reuni\u00e3o com o chefe de gabinete Jo\u00e3o [&hellip;]<\/p>\n","protected":false},"author":2,"featured_media":0,"comment_status":"open","ping_status":"open","sticky":false,"template":"","format":"standard","meta":{"footnotes":"","_links_to":"","_links_to_target":""},"categories":[1],"tags":[],"class_list":["post-46968","post","type-post","status-publish","format-standard","hentry","category-geral"],"views":1455,"_links":{"self":[{"href":"https:\/\/www.politicosdosuldabahia.com.br\/v1\/wp-json\/wp\/v2\/posts\/46968"}],"collection":[{"href":"https:\/\/www.politicosdosuldabahia.com.br\/v1\/wp-json\/wp\/v2\/posts"}],"about":[{"href":"https:\/\/www.politicosdosuldabahia.com.br\/v1\/wp-json\/wp\/v2\/types\/post"}],"author":[{"embeddable":true,"href":"https:\/\/www.politicosdosuldabahia.com.br\/v1\/wp-json\/wp\/v2\/users\/2"}],"replies":[{"embeddable":true,"href":"https:\/\/www.politicosdosuldabahia.com.br\/v1\/wp-json\/wp\/v2\/comments?post=46968"}],"version-history":[{"count":2,"href":"https:\/\/www.politicosdosuldabahia.com.br\/v1\/wp-json\/wp\/v2\/posts\/46968\/revisions"}],"predecessor-version":[{"id":46971,"href":"https:\/\/www.politicosdosuldabahia.com.br\/v1\/wp-json\/wp\/v2\/posts\/46968\/revisions\/46971"}],"wp:attachment":[{"href":"https:\/\/www.politicosdosuldabahia.com.br\/v1\/wp-json\/wp\/v2\/media?parent=46968"}],"wp:term":[{"taxonomy":"category","embeddable":true,"href":"https:\/\/www.politicosdosuldabahia.com.br\/v1\/wp-json\/wp\/v2\/categories?post=46968"},{"taxonomy":"post_tag","embeddable":true,"href":"https:\/\/www.politicosdosuldabahia.com.br\/v1\/wp-json\/wp\/v2\/tags?post=46968"}],"curies":[{"name":"wp","href":"https:\/\/api.w.org\/{rel}","templated":true}]}}