
{"id":46610,"date":"2012-10-31T14:40:35","date_gmt":"2012-10-31T17:40:35","guid":{"rendered":"http:\/\/www.politicosdosuldabahia.com.br\/v1\/?p=46610"},"modified":"2012-10-31T16:06:31","modified_gmt":"2012-10-31T19:06:31","slug":"aprovada-a-criacao-da-universidade-federal-do-sul-da-bahia","status":"publish","type":"post","link":"https:\/\/www.politicosdosuldabahia.com.br\/v1\/2012\/10\/31\/aprovada-a-criacao-da-universidade-federal-do-sul-da-bahia\/","title":{"rendered":"APROVADA A CRIA\u00c7\u00c3O DA UNIVERSIDADE FEDERAL DO SUL DA BAHIA"},"content":{"rendered":"<p style=\"text-align: center;\"><a href=\"http:\/\/www.politicosdosuldabahia.com.br\/v1\/2012\/10\/31\/aprovada-a-criacao-da-universidade-federal-do-sul-da-bahia\/universidades-001-2\/\" rel=\"attachment wp-att-46614\"><img loading=\"lazy\" decoding=\"async\" class=\"aligncenter  wp-image-46614\" title=\"Universidades 001\" src=\"http:\/\/www.politicosdosuldabahia.com.br\/v1\/wp-content\/uploads\/2012\/10\/Universidades-0011.jpg\" alt=\"\" width=\"430\" height=\"286\" srcset=\"https:\/\/www.politicosdosuldabahia.com.br\/v1\/wp-content\/uploads\/2012\/10\/Universidades-0011.jpg 1024w, https:\/\/www.politicosdosuldabahia.com.br\/v1\/wp-content\/uploads\/2012\/10\/Universidades-0011-300x199.jpg 300w\" sizes=\"(max-width: 430px) 100vw, 430px\" \/><\/a><\/p>\n<h4 style=\"text-align: justify;\"><span style=\"color: #000000;\">Nesta quarta-feira (31), o colegiado da Comiss\u00e3o de Finan\u00e7as e Tributa\u00e7\u00e3o (CFT) da C\u00e2mara dos Deputados aprovou, de maneira conclusiva, o projeto do Executivo que cria a Universidade Federal do Sul da Bahia \u2013 UFESBA.<\/span><\/h4>\n<h4 style=\"text-align: justify;\"><span style=\"color: #000000;\">A vota\u00e7\u00e3o se tornou poss\u00edvel por um acordo liderado pelo deputado federal Afonso Florence (PT-BA), que apresentou requerimento pedindo a aprecia\u00e7\u00e3o imediata da mat\u00e9ria. \u201cO povo da Bahia conquista mais uma universidade federal que vai promover o ensino, pesquisa e extens\u00e3o e, com isso, trazer mais desenvolvimento para a regi\u00e3o Sul e Extremo Sul baiano\u201d, comemora Florence.<\/span><\/h4>\n<h4 style=\"text-align: justify;\"><span style=\"color: #000000;\">A cria\u00e7\u00e3o da UFESBA teve participa\u00e7\u00e3o decisiva do deputado federal Geraldo Sim\u00f5es (PT\/BA) que desde o in\u00edcio do processo mobilizou a bancada baiana e atuou no sentido de que a sede do campus principal seja instalada em Itabuna. \u201cTrata-se de uma conquista hist\u00f3rica para Itabuna e o Sul da Bahia, que vai beneficiar milhares de jovens e contribuir para a capacita\u00e7\u00e3o da regi\u00e3o, com a chegada de investimentos importantes como o Porto Sul,. A Ferrovia Oeste Leste e o Gasoduto da Petrobr\u00e1s\u201d, afirmou Sim\u00f5es.<\/span><\/h4>\n<h4 style=\"text-align: justify;\"><span style=\"color: #000000;\"><!--more-->Estima-se um per\u00edodo de quatro anos para a completa implanta\u00e7\u00e3o da UFESBA. Ser\u00e3o criados 36 novos cursos de gradua\u00e7\u00e3o, tendo como meta atender 11.110 estudantes nos cursos de gradua\u00e7\u00e3o e p\u00f3s-gradua\u00e7\u00e3o. O modelo institucional e acad\u00eamico a ser adotado para a implanta\u00e7\u00e3o da UFESBA ser\u00e1 multicampi. Inicialmente, contar\u00e1 com dois campi, nos munic\u00edpios de Porto Seguro e Teixeira de Freitas, al\u00e9m da sede no munic\u00edpio de Itabuna.<\/span><\/h4>\n<h4 style=\"text-align: justify;\"><span style=\"color: #000000;\">O quadro de pessoal efetivo previsto para a Universidade ser\u00e1 composto por 1240 cargos, sendo: 617 cargos de professores do magist\u00e9rio superior, 623 cargos t\u00e9cnico-administrativos.<\/span><\/h4>\n","protected":false},"excerpt":{"rendered":"<p>Nesta quarta-feira (31), o colegiado da Comiss\u00e3o de Finan\u00e7as e Tributa\u00e7\u00e3o (CFT) da C\u00e2mara dos Deputados aprovou, de maneira conclusiva, o projeto do Executivo que cria a Universidade Federal do Sul da Bahia \u2013 UFESBA. A vota\u00e7\u00e3o se tornou poss\u00edvel por um acordo liderado pelo deputado federal Afonso Florence (PT-BA), que apresentou requerimento pedindo a [&hellip;]<\/p>\n","protected":false},"author":2,"featured_media":46670,"comment_status":"open","ping_status":"open","sticky":false,"template":"","format":"standard","meta":{"footnotes":"","_links_to":"","_links_to_target":""},"categories":[1],"tags":[],"class_list":["post-46610","post","type-post","status-publish","format-standard","has-post-thumbnail","hentry","category-geral"],"views":2903,"_links":{"self":[{"href":"https:\/\/www.politicosdosuldabahia.com.br\/v1\/wp-json\/wp\/v2\/posts\/46610"}],"collection":[{"href":"https:\/\/www.politicosdosuldabahia.com.br\/v1\/wp-json\/wp\/v2\/posts"}],"about":[{"href":"https:\/\/www.politicosdosuldabahia.com.br\/v1\/wp-json\/wp\/v2\/types\/post"}],"author":[{"embeddable":true,"href":"https:\/\/www.politicosdosuldabahia.com.br\/v1\/wp-json\/wp\/v2\/users\/2"}],"replies":[{"embeddable":true,"href":"https:\/\/www.politicosdosuldabahia.com.br\/v1\/wp-json\/wp\/v2\/comments?post=46610"}],"version-history":[{"count":10,"href":"https:\/\/www.politicosdosuldabahia.com.br\/v1\/wp-json\/wp\/v2\/posts\/46610\/revisions"}],"predecessor-version":[{"id":46636,"href":"https:\/\/www.politicosdosuldabahia.com.br\/v1\/wp-json\/wp\/v2\/posts\/46610\/revisions\/46636"}],"wp:featuredmedia":[{"embeddable":true,"href":"https:\/\/www.politicosdosuldabahia.com.br\/v1\/wp-json\/wp\/v2\/media\/46670"}],"wp:attachment":[{"href":"https:\/\/www.politicosdosuldabahia.com.br\/v1\/wp-json\/wp\/v2\/media?parent=46610"}],"wp:term":[{"taxonomy":"category","embeddable":true,"href":"https:\/\/www.politicosdosuldabahia.com.br\/v1\/wp-json\/wp\/v2\/categories?post=46610"},{"taxonomy":"post_tag","embeddable":true,"href":"https:\/\/www.politicosdosuldabahia.com.br\/v1\/wp-json\/wp\/v2\/tags?post=46610"}],"curies":[{"name":"wp","href":"https:\/\/api.w.org\/{rel}","templated":true}]}}